{"id":12243,"date":"2024-10-01T10:15:04","date_gmt":"2024-10-01T08:15:04","guid":{"rendered":"https:\/\/lapalomaevent.rwdesarrollos.es\/fira-med-stil-topp-bodegor-pa-mallorca-for-privata-och-foretagsevenemang\/"},"modified":"2024-10-31T12:47:18","modified_gmt":"2024-10-31T11:47:18","slug":"fira-med-stil-topp-bodegor-pa-mallorca-for-privata-och-foretagsevenemang","status":"publish","type":"post","link":"https:\/\/www.lapalomaevent.com\/sv\/fira-med-stil-topp-bodegor-pa-mallorca-for-privata-och-foretagsevenemang\/","title":{"rendered":"Fira med stil: Topp Bodegor p\u00e5 Mallorca f\u00f6r privata och f\u00f6retagsevenemang!"},"content":{"rendered":"<p>Som en \u00f6, har Mallorca ett stort antal ving\u00e5rdar. Vad m\u00e5nga inte vet \u00e4r att m\u00e5nga av dem ocks\u00e5 erbjuder m\u00f6jligheten att fira sitt unika privata evenemang. Fr\u00e5n en aff\u00e4rslunch till ditt dr\u00f6mbr\u00f6llop, h\u00e4r \u00e4r fem bodegor och ving\u00e5rdar som du f\u00f6rmodligen inte k\u00e4nde till!<\/p>\n<h2>Terra-I\u00f3n<\/h2>\n<p>Bland bergen i Sierra de Tramuntana hittar du 6 hektar ving\u00e5rdar som \u00e4r en del av denna bodega i Andratx. Terra-I\u00f3n b\u00f6rjade officiellt sin verksamhet 2022 men den tidigare bodegan grundades ursprungligen p\u00e5 \u00e5ttiotalet och var en av de f\u00f6rsta pionj\u00e4rerna med att introducera franska viner till \u00f6n.<br \/>\nP\u00e5 Terra-I\u00f3n kan du ha vinprovning med v\u00e4nner eller ett familjeevenemang. Bland ving\u00e5rdarna finns en idealisk plats f\u00f6r intima middagar eller till och med en br\u00f6llopsceremoni. F\u00f6r ditt evenemang kan du ocks\u00e5 njuta av sina viner, som de definierar som h\u00f6gkvalitativa och milj\u00f6v\u00e4nliga.<\/p>\n<p><img decoding=\"async\" src=\"https:\/\/www.lapalomaevent.com\/wp-content\/uploads\/2024\/10\/TerraIon-300x150.jpeg\" \/><\/p>\n<p><a href=\"https:\/\/www.terra-ion.com\/\">Terra I\u00f3N | winery Andratx<\/a><\/p>\n<p>&nbsp;<\/p>\n<h2>Conde de Syurot<\/h2>\n<p>Om du letar efter en egendom med ving\u00e5rdar, n\u00e4ra havet och i lugn milj\u00f6, \u00e4r alternativen f\u00e5 men denna bodega erbjuder precis det! Bel\u00e4gen i den mallorkinska byn Colonia de Sant Pere i norr p\u00e5 \u00f6n har denna bodega direkt utsikt \u00f6ver havet och bergen i Alcudiabukten.<br \/>\nDe har ett provsmaknings rum och en utomhusterrass d\u00e4r du kan h\u00e5lla sm\u00e5 m\u00f6ten eller br\u00f6llop.<\/p>\n<p><img loading=\"lazy\" decoding=\"async\" class=\"alignnone\" src=\"https:\/\/www.lapalomaevent.com\/wp-content\/uploads\/2024\/10\/iiuy-300x200.png\" alt=\"\" width=\"300\" height=\"200\" \/><\/p>\n<p><a href=\"https:\/\/condedesuyrot.com\/historia-bodega\/\">\u25b7 Conde de Suyrot | Nuestra Historia<\/a><\/p>\n<p>&nbsp;<\/p>\n<h2>Can Axartell<\/h2>\n<p>Denna ving\u00e5rd utm\u00e4rker sig som en av de mest moderna och innovativa p\u00e5 \u00f6n och blandar s\u00f6ml\u00f6st mallorkinsk traditionell kultur med modern arkitektur och avancerade tillverkningstekniker.<br \/>\n\u00c5teruppbyggd 2012 av familjen Schwarzkopf \u00e4r ving\u00e5rden k\u00e4nd f\u00f6r sin anv\u00e4ndning av gravitationsmodellen, d\u00e4r druvor och vin r\u00f6r sig uteslutande med gravitationens kraft. Deras varierade portf\u00f6lj inkluderar en ros\u00e9, tv\u00e5 vita viner och tre r\u00f6da viner.<\/p>\n<p><img loading=\"lazy\" decoding=\"async\" class=\"alignnone\" src=\"https:\/\/www.lapalomaevent.com\/wp-content\/uploads\/2024\/10\/hjhjg-300x169.png\" alt=\"\" width=\"392\" height=\"221\" \/><\/p>\n<p><a href=\"https:\/\/canaxartell.com\/es\/\">https:\/\/canaxartell.com\/es\/<\/a><\/p>\n<p>&nbsp;<\/p>\n<h2>Bodega Son Vives<\/h2>\n<p>Bodegan p\u00e5 Son Vives-godset startade 1986 och \u00e5terupplivade sorten Malvas\u00eda de Banyalbufar. Malvas\u00eda \u00e4r en av de \u00e4ldsta druvsorterna som odlas p\u00e5 m\u00e5nga platser i Medelhavets \u00f6ar. Det \u00e4r en mycket aromatisk sort med h\u00f6gt polyfenol inneh\u00e5ll, bra syra och rik p\u00e5 socker. Ving\u00e5rden, som ligger n\u00e4ra Estellencs mellan havet och bergen, har en terrass med panoramautsikt och en angr\u00e4nsande ving\u00e5rd, vilket g\u00f6r den perfekt f\u00f6r rundturer, provningar och evenemang.<\/p>\n<p><img loading=\"lazy\" decoding=\"async\" class=\"alignnone\" src=\"https:\/\/www.lapalomaevent.com\/wp-content\/uploads\/2024\/10\/hgfhh-272x300.png\" alt=\"\" width=\"272\" height=\"300\" \/><\/p>\n<p><a href=\"https:\/\/bodegasonvives.com\/\">Bodegas Son Vives<\/a><\/p>\n<p>&nbsp;<\/p>\n<h2>Bodegas Bordoy<\/h2>\n<p>Historien om denna ving\u00e5rd g\u00e5r tillbaka till 1369 och \u00e4r k\u00e4nd f\u00f6r sitt unika nygotiska kapell, som ligger mellan Llucmajor och Cap Blanc. Klimatet i detta omr\u00e5de \u00e4r ett halvtorrt medelhavsklimat, k\u00e4nnetecknat av mycket l\u00e5g nederb\u00f6rd och h\u00f6g solinstr\u00e5lning, vilket resulterar i en l\u00e4gre men h\u00f6gre kvalitet p\u00e5 druv produktionen. Sk\u00f6rden b\u00f6rjar i mitten av augusti med Chardonnay och avslutas med Cabernet Sauvignon och Callet i slutet av september, f\u00f6ljt av bladf\u00e4llning i december d\u00e5 vinstockarna g\u00e5r in i vintervila.<br \/>\nDetta \u00e4r en fantastisk plats f\u00f6r att prova vin tillsammans med traditionell paella.<\/p>\n<p><img loading=\"lazy\" decoding=\"async\" class=\"alignnone\" src=\"https:\/\/www.lapalomaevent.com\/wp-content\/uploads\/2024\/10\/jhgjg-300x150.png\" alt=\"\" width=\"300\" height=\"150\" \/><\/p>\n<p><a href=\"https:\/\/www.bodegasbordoy.es\/\">Bodegas Bordoy \u2013 terra de mares<\/a><\/p>\n","protected":false},"excerpt":{"rendered":"<p>Som en \u00f6, har Mallorca ett stort antal ving\u00e5rdar. Vad m\u00e5nga inte vet \u00e4r att m\u00e5nga av dem ocks\u00e5 erbjuder m\u00f6jligheten att fira sitt unika privata evenemang. Fr\u00e5n en aff\u00e4rslunch till ditt dr\u00f6mbr\u00f6llop, h\u00e4r \u00e4r fem bodegor och ving\u00e5rdar som du f\u00f6rmodligen inte k\u00e4nde till! Terra-I\u00f3n Bland bergen i Sierra de Tramuntana hittar du 6 [&hellip;]<\/p>\n","protected":false},"author":2,"featured_media":12266,"comment_status":"closed","ping_status":"open","sticky":false,"template":"","format":"standard","meta":{"_et_pb_use_builder":"","_et_pb_old_content":"","_et_gb_content_width":"","om_disable_all_campaigns":false,"_monsterinsights_skip_tracking":false,"_monsterinsights_sitenote_active":false,"_monsterinsights_sitenote_note":"","_monsterinsights_sitenote_category":0,"footnotes":""},"categories":[8],"tags":[],"class_list":["post-12243","post","type-post","status-publish","format-standard","has-post-thumbnail","hentry","category-okategoriserad"],"yoast_head":"<!-- This site is optimized with the Yoast SEO plugin v27.4 - https:\/\/yoast.com\/product\/yoast-seo-wordpress\/ -->\n<title>Fira i Mallorcas Bodegor - La Paloma Event<\/title>\n<meta name=\"description\" content=\"Fira med stil p\u00e5 Mallorcas toppbodegor. Perfekta platser f\u00f6r privata och aff\u00e4rsevenemang, med genuina vinupplevelser. Boka ditt event nu!\" \/>\n<meta name=\"robots\" content=\"index, follow, max-snippet:-1, max-image-preview:large, max-video-preview:-1\" \/>\n<link rel=\"canonical\" href=\"https:\/\/www.lapalomaevent.com\/sv\/fira-med-stil-topp-bodegor-pa-mallorca-for-privata-och-foretagsevenemang\/\" \/>\n<meta property=\"og:locale\" content=\"sv_SE\" \/>\n<meta property=\"og:type\" content=\"article\" \/>\n<meta property=\"og:title\" content=\"Fira i Mallorcas Bodegor - La Paloma Event\" \/>\n<meta property=\"og:description\" content=\"Fira med stil p\u00e5 Mallorcas toppbodegor. Perfekta platser f\u00f6r privata och aff\u00e4rsevenemang, med genuina vinupplevelser. Boka ditt event nu!\" \/>\n<meta property=\"og:url\" content=\"https:\/\/www.lapalomaevent.com\/sv\/fira-med-stil-topp-bodegor-pa-mallorca-for-privata-och-foretagsevenemang\/\" \/>\n<meta property=\"og:site_name\" content=\"La Paloma Event\" \/>\n<meta property=\"article:published_time\" content=\"2024-10-01T08:15:04+00:00\" \/>\n<meta property=\"article:modified_time\" content=\"2024-10-31T11:47:18+00:00\" \/>\n<meta property=\"og:image\" content=\"https:\/\/www.lapalomaevent.com\/wp-content\/uploads\/2024\/10\/principal.jpeg\" \/>\n\t<meta property=\"og:image:width\" content=\"1200\" \/>\n\t<meta property=\"og:image:height\" content=\"801\" \/>\n\t<meta property=\"og:image:type\" content=\"image\/jpeg\" \/>\n<meta name=\"author\" content=\"Victor Appelqvist\" \/>\n<meta name=\"twitter:card\" content=\"summary_large_image\" \/>\n<meta name=\"twitter:label1\" content=\"Skriven av\" \/>\n\t<meta name=\"twitter:data1\" content=\"Victor Appelqvist\" \/>\n\t<meta name=\"twitter:label2\" content=\"Ber\u00e4knad l\u00e4stid\" \/>\n\t<meta name=\"twitter:data2\" content=\"4 minuter\" \/>\n<script type=\"application\/ld+json\" class=\"yoast-schema-graph\">{\"@context\":\"https:\\\/\\\/schema.org\",\"@graph\":[{\"@type\":\"Article\",\"@id\":\"https:\\\/\\\/www.lapalomaevent.com\\\/sv\\\/fira-med-stil-topp-bodegor-pa-mallorca-for-privata-och-foretagsevenemang\\\/#article\",\"isPartOf\":{\"@id\":\"https:\\\/\\\/www.lapalomaevent.com\\\/sv\\\/fira-med-stil-topp-bodegor-pa-mallorca-for-privata-och-foretagsevenemang\\\/\"},\"author\":{\"name\":\"Victor Appelqvist\",\"@id\":\"https:\\\/\\\/www.lapalomaevent.com\\\/sv\\\/#\\\/schema\\\/person\\\/e4577b6b9588a73f05a552fa217a23b4\"},\"headline\":\"Fira med stil: Topp Bodegor p\u00e5 Mallorca f\u00f6r privata och f\u00f6retagsevenemang!\",\"datePublished\":\"2024-10-01T08:15:04+00:00\",\"dateModified\":\"2024-10-31T11:47:18+00:00\",\"mainEntityOfPage\":{\"@id\":\"https:\\\/\\\/www.lapalomaevent.com\\\/sv\\\/fira-med-stil-topp-bodegor-pa-mallorca-for-privata-och-foretagsevenemang\\\/\"},\"wordCount\":543,\"image\":{\"@id\":\"https:\\\/\\\/www.lapalomaevent.com\\\/sv\\\/fira-med-stil-topp-bodegor-pa-mallorca-for-privata-och-foretagsevenemang\\\/#primaryimage\"},\"thumbnailUrl\":\"https:\\\/\\\/www.lapalomaevent.com\\\/wp-content\\\/uploads\\\/2024\\\/10\\\/principal.jpeg\",\"articleSection\":[\"Okategoriserad\"],\"inLanguage\":\"sv-SE\"},{\"@type\":\"WebPage\",\"@id\":\"https:\\\/\\\/www.lapalomaevent.com\\\/sv\\\/fira-med-stil-topp-bodegor-pa-mallorca-for-privata-och-foretagsevenemang\\\/\",\"url\":\"https:\\\/\\\/www.lapalomaevent.com\\\/sv\\\/fira-med-stil-topp-bodegor-pa-mallorca-for-privata-och-foretagsevenemang\\\/\",\"name\":\"Fira i Mallorcas Bodegor - La Paloma Event\",\"isPartOf\":{\"@id\":\"https:\\\/\\\/www.lapalomaevent.com\\\/sv\\\/#website\"},\"primaryImageOfPage\":{\"@id\":\"https:\\\/\\\/www.lapalomaevent.com\\\/sv\\\/fira-med-stil-topp-bodegor-pa-mallorca-for-privata-och-foretagsevenemang\\\/#primaryimage\"},\"image\":{\"@id\":\"https:\\\/\\\/www.lapalomaevent.com\\\/sv\\\/fira-med-stil-topp-bodegor-pa-mallorca-for-privata-och-foretagsevenemang\\\/#primaryimage\"},\"thumbnailUrl\":\"https:\\\/\\\/www.lapalomaevent.com\\\/wp-content\\\/uploads\\\/2024\\\/10\\\/principal.jpeg\",\"datePublished\":\"2024-10-01T08:15:04+00:00\",\"dateModified\":\"2024-10-31T11:47:18+00:00\",\"author\":{\"@id\":\"https:\\\/\\\/www.lapalomaevent.com\\\/sv\\\/#\\\/schema\\\/person\\\/e4577b6b9588a73f05a552fa217a23b4\"},\"description\":\"Fira med stil p\u00e5 Mallorcas toppbodegor. Perfekta platser f\u00f6r privata och aff\u00e4rsevenemang, med genuina vinupplevelser. Boka ditt event nu!\",\"breadcrumb\":{\"@id\":\"https:\\\/\\\/www.lapalomaevent.com\\\/sv\\\/fira-med-stil-topp-bodegor-pa-mallorca-for-privata-och-foretagsevenemang\\\/#breadcrumb\"},\"inLanguage\":\"sv-SE\",\"potentialAction\":[{\"@type\":\"ReadAction\",\"target\":[\"https:\\\/\\\/www.lapalomaevent.com\\\/sv\\\/fira-med-stil-topp-bodegor-pa-mallorca-for-privata-och-foretagsevenemang\\\/\"]}]},{\"@type\":\"ImageObject\",\"inLanguage\":\"sv-SE\",\"@id\":\"https:\\\/\\\/www.lapalomaevent.com\\\/sv\\\/fira-med-stil-topp-bodegor-pa-mallorca-for-privata-och-foretagsevenemang\\\/#primaryimage\",\"url\":\"https:\\\/\\\/www.lapalomaevent.com\\\/wp-content\\\/uploads\\\/2024\\\/10\\\/principal.jpeg\",\"contentUrl\":\"https:\\\/\\\/www.lapalomaevent.com\\\/wp-content\\\/uploads\\\/2024\\\/10\\\/principal.jpeg\",\"width\":1200,\"height\":801},{\"@type\":\"BreadcrumbList\",\"@id\":\"https:\\\/\\\/www.lapalomaevent.com\\\/sv\\\/fira-med-stil-topp-bodegor-pa-mallorca-for-privata-och-foretagsevenemang\\\/#breadcrumb\",\"itemListElement\":[{\"@type\":\"ListItem\",\"position\":1,\"name\":\"Hem\",\"item\":\"https:\\\/\\\/www.lapalomaevent.com\\\/sv\\\/\"},{\"@type\":\"ListItem\",\"position\":2,\"name\":\"Fira med stil: Topp Bodegor p\u00e5 Mallorca f\u00f6r privata och f\u00f6retagsevenemang!\"}]},{\"@type\":\"WebSite\",\"@id\":\"https:\\\/\\\/www.lapalomaevent.com\\\/sv\\\/#website\",\"url\":\"https:\\\/\\\/www.lapalomaevent.com\\\/sv\\\/\",\"name\":\"La Paloma Event\",\"description\":\"We believe that you are unique!\",\"potentialAction\":[{\"@type\":\"SearchAction\",\"target\":{\"@type\":\"EntryPoint\",\"urlTemplate\":\"https:\\\/\\\/www.lapalomaevent.com\\\/sv\\\/?s={search_term_string}\"},\"query-input\":{\"@type\":\"PropertyValueSpecification\",\"valueRequired\":true,\"valueName\":\"search_term_string\"}}],\"inLanguage\":\"sv-SE\"},{\"@type\":\"Person\",\"@id\":\"https:\\\/\\\/www.lapalomaevent.com\\\/sv\\\/#\\\/schema\\\/person\\\/e4577b6b9588a73f05a552fa217a23b4\",\"name\":\"Victor Appelqvist\",\"image\":{\"@type\":\"ImageObject\",\"inLanguage\":\"sv-SE\",\"@id\":\"https:\\\/\\\/secure.gravatar.com\\\/avatar\\\/7b9ed9246cdad1ffa2e60eef534a91a3276097a635378fcd5822e642c7ce455b?s=96&d=mm&r=g\",\"url\":\"https:\\\/\\\/secure.gravatar.com\\\/avatar\\\/7b9ed9246cdad1ffa2e60eef534a91a3276097a635378fcd5822e642c7ce455b?s=96&d=mm&r=g\",\"contentUrl\":\"https:\\\/\\\/secure.gravatar.com\\\/avatar\\\/7b9ed9246cdad1ffa2e60eef534a91a3276097a635378fcd5822e642c7ce455b?s=96&d=mm&r=g\",\"caption\":\"Victor Appelqvist\"},\"url\":\"https:\\\/\\\/www.lapalomaevent.com\\\/sv\\\/author\\\/victor\\\/\"}]}<\/script>\n<!-- \/ Yoast SEO plugin. -->","yoast_head_json":{"title":"Fira i Mallorcas Bodegor - La Paloma Event","description":"Fira med stil p\u00e5 Mallorcas toppbodegor. Perfekta platser f\u00f6r privata och aff\u00e4rsevenemang, med genuina vinupplevelser. Boka ditt event nu!","robots":{"index":"index","follow":"follow","max-snippet":"max-snippet:-1","max-image-preview":"max-image-preview:large","max-video-preview":"max-video-preview:-1"},"canonical":"https:\/\/www.lapalomaevent.com\/sv\/fira-med-stil-topp-bodegor-pa-mallorca-for-privata-och-foretagsevenemang\/","og_locale":"sv_SE","og_type":"article","og_title":"Fira i Mallorcas Bodegor - La Paloma Event","og_description":"Fira med stil p\u00e5 Mallorcas toppbodegor. Perfekta platser f\u00f6r privata och aff\u00e4rsevenemang, med genuina vinupplevelser. Boka ditt event nu!","og_url":"https:\/\/www.lapalomaevent.com\/sv\/fira-med-stil-topp-bodegor-pa-mallorca-for-privata-och-foretagsevenemang\/","og_site_name":"La Paloma Event","article_published_time":"2024-10-01T08:15:04+00:00","article_modified_time":"2024-10-31T11:47:18+00:00","og_image":[{"width":1200,"height":801,"url":"https:\/\/www.lapalomaevent.com\/wp-content\/uploads\/2024\/10\/principal.jpeg","type":"image\/jpeg"}],"author":"Victor Appelqvist","twitter_card":"summary_large_image","twitter_misc":{"Skriven av":"Victor Appelqvist","Ber\u00e4knad l\u00e4stid":"4 minuter"},"schema":{"@context":"https:\/\/schema.org","@graph":[{"@type":"Article","@id":"https:\/\/www.lapalomaevent.com\/sv\/fira-med-stil-topp-bodegor-pa-mallorca-for-privata-och-foretagsevenemang\/#article","isPartOf":{"@id":"https:\/\/www.lapalomaevent.com\/sv\/fira-med-stil-topp-bodegor-pa-mallorca-for-privata-och-foretagsevenemang\/"},"author":{"name":"Victor Appelqvist","@id":"https:\/\/www.lapalomaevent.com\/sv\/#\/schema\/person\/e4577b6b9588a73f05a552fa217a23b4"},"headline":"Fira med stil: Topp Bodegor p\u00e5 Mallorca f\u00f6r privata och f\u00f6retagsevenemang!","datePublished":"2024-10-01T08:15:04+00:00","dateModified":"2024-10-31T11:47:18+00:00","mainEntityOfPage":{"@id":"https:\/\/www.lapalomaevent.com\/sv\/fira-med-stil-topp-bodegor-pa-mallorca-for-privata-och-foretagsevenemang\/"},"wordCount":543,"image":{"@id":"https:\/\/www.lapalomaevent.com\/sv\/fira-med-stil-topp-bodegor-pa-mallorca-for-privata-och-foretagsevenemang\/#primaryimage"},"thumbnailUrl":"https:\/\/www.lapalomaevent.com\/wp-content\/uploads\/2024\/10\/principal.jpeg","articleSection":["Okategoriserad"],"inLanguage":"sv-SE"},{"@type":"WebPage","@id":"https:\/\/www.lapalomaevent.com\/sv\/fira-med-stil-topp-bodegor-pa-mallorca-for-privata-och-foretagsevenemang\/","url":"https:\/\/www.lapalomaevent.com\/sv\/fira-med-stil-topp-bodegor-pa-mallorca-for-privata-och-foretagsevenemang\/","name":"Fira i Mallorcas Bodegor - La Paloma Event","isPartOf":{"@id":"https:\/\/www.lapalomaevent.com\/sv\/#website"},"primaryImageOfPage":{"@id":"https:\/\/www.lapalomaevent.com\/sv\/fira-med-stil-topp-bodegor-pa-mallorca-for-privata-och-foretagsevenemang\/#primaryimage"},"image":{"@id":"https:\/\/www.lapalomaevent.com\/sv\/fira-med-stil-topp-bodegor-pa-mallorca-for-privata-och-foretagsevenemang\/#primaryimage"},"thumbnailUrl":"https:\/\/www.lapalomaevent.com\/wp-content\/uploads\/2024\/10\/principal.jpeg","datePublished":"2024-10-01T08:15:04+00:00","dateModified":"2024-10-31T11:47:18+00:00","author":{"@id":"https:\/\/www.lapalomaevent.com\/sv\/#\/schema\/person\/e4577b6b9588a73f05a552fa217a23b4"},"description":"Fira med stil p\u00e5 Mallorcas toppbodegor. Perfekta platser f\u00f6r privata och aff\u00e4rsevenemang, med genuina vinupplevelser. Boka ditt event nu!","breadcrumb":{"@id":"https:\/\/www.lapalomaevent.com\/sv\/fira-med-stil-topp-bodegor-pa-mallorca-for-privata-och-foretagsevenemang\/#breadcrumb"},"inLanguage":"sv-SE","potentialAction":[{"@type":"ReadAction","target":["https:\/\/www.lapalomaevent.com\/sv\/fira-med-stil-topp-bodegor-pa-mallorca-for-privata-och-foretagsevenemang\/"]}]},{"@type":"ImageObject","inLanguage":"sv-SE","@id":"https:\/\/www.lapalomaevent.com\/sv\/fira-med-stil-topp-bodegor-pa-mallorca-for-privata-och-foretagsevenemang\/#primaryimage","url":"https:\/\/www.lapalomaevent.com\/wp-content\/uploads\/2024\/10\/principal.jpeg","contentUrl":"https:\/\/www.lapalomaevent.com\/wp-content\/uploads\/2024\/10\/principal.jpeg","width":1200,"height":801},{"@type":"BreadcrumbList","@id":"https:\/\/www.lapalomaevent.com\/sv\/fira-med-stil-topp-bodegor-pa-mallorca-for-privata-och-foretagsevenemang\/#breadcrumb","itemListElement":[{"@type":"ListItem","position":1,"name":"Hem","item":"https:\/\/www.lapalomaevent.com\/sv\/"},{"@type":"ListItem","position":2,"name":"Fira med stil: Topp Bodegor p\u00e5 Mallorca f\u00f6r privata och f\u00f6retagsevenemang!"}]},{"@type":"WebSite","@id":"https:\/\/www.lapalomaevent.com\/sv\/#website","url":"https:\/\/www.lapalomaevent.com\/sv\/","name":"La Paloma Event","description":"We believe that you are unique!","potentialAction":[{"@type":"SearchAction","target":{"@type":"EntryPoint","urlTemplate":"https:\/\/www.lapalomaevent.com\/sv\/?s={search_term_string}"},"query-input":{"@type":"PropertyValueSpecification","valueRequired":true,"valueName":"search_term_string"}}],"inLanguage":"sv-SE"},{"@type":"Person","@id":"https:\/\/www.lapalomaevent.com\/sv\/#\/schema\/person\/e4577b6b9588a73f05a552fa217a23b4","name":"Victor Appelqvist","image":{"@type":"ImageObject","inLanguage":"sv-SE","@id":"https:\/\/secure.gravatar.com\/avatar\/7b9ed9246cdad1ffa2e60eef534a91a3276097a635378fcd5822e642c7ce455b?s=96&d=mm&r=g","url":"https:\/\/secure.gravatar.com\/avatar\/7b9ed9246cdad1ffa2e60eef534a91a3276097a635378fcd5822e642c7ce455b?s=96&d=mm&r=g","contentUrl":"https:\/\/secure.gravatar.com\/avatar\/7b9ed9246cdad1ffa2e60eef534a91a3276097a635378fcd5822e642c7ce455b?s=96&d=mm&r=g","caption":"Victor Appelqvist"},"url":"https:\/\/www.lapalomaevent.com\/sv\/author\/victor\/"}]}},"_links":{"self":[{"href":"https:\/\/www.lapalomaevent.com\/sv\/wp-json\/wp\/v2\/posts\/12243","targetHints":{"allow":["GET"]}}],"collection":[{"href":"https:\/\/www.lapalomaevent.com\/sv\/wp-json\/wp\/v2\/posts"}],"about":[{"href":"https:\/\/www.lapalomaevent.com\/sv\/wp-json\/wp\/v2\/types\/post"}],"author":[{"embeddable":true,"href":"https:\/\/www.lapalomaevent.com\/sv\/wp-json\/wp\/v2\/users\/2"}],"replies":[{"embeddable":true,"href":"https:\/\/www.lapalomaevent.com\/sv\/wp-json\/wp\/v2\/comments?post=12243"}],"version-history":[{"count":7,"href":"https:\/\/www.lapalomaevent.com\/sv\/wp-json\/wp\/v2\/posts\/12243\/revisions"}],"predecessor-version":[{"id":13488,"href":"https:\/\/www.lapalomaevent.com\/sv\/wp-json\/wp\/v2\/posts\/12243\/revisions\/13488"}],"wp:featuredmedia":[{"embeddable":true,"href":"https:\/\/www.lapalomaevent.com\/sv\/wp-json\/wp\/v2\/media\/12266"}],"wp:attachment":[{"href":"https:\/\/www.lapalomaevent.com\/sv\/wp-json\/wp\/v2\/media?parent=12243"}],"wp:term":[{"taxonomy":"category","embeddable":true,"href":"https:\/\/www.lapalomaevent.com\/sv\/wp-json\/wp\/v2\/categories?post=12243"},{"taxonomy":"post_tag","embeddable":true,"href":"https:\/\/www.lapalomaevent.com\/sv\/wp-json\/wp\/v2\/tags?post=12243"}],"curies":[{"name":"wp","href":"https:\/\/api.w.org\/{rel}","templated":true}]}}