{"id":12249,"date":"2024-10-01T10:54:57","date_gmt":"2024-10-01T08:54:57","guid":{"rendered":"https:\/\/lapalomaevent.rwdesarrollos.es\/internship-with-la-paloma-event\/"},"modified":"2024-11-20T15:27:53","modified_gmt":"2024-11-20T14:27:53","slug":"praktik-som-eventplanerare-pa-mallorca","status":"publish","type":"post","link":"https:\/\/www.lapalomaevent.com\/sv\/praktik-som-eventplanerare-pa-mallorca\/","title":{"rendered":"Praktik som eventplanerare p\u00e5 Mallorca"},"content":{"rendered":"<p>I b\u00f6rjan av v\u00e5ren landade jag p\u00e5 Mallorca f\u00f6r tv\u00e5 m\u00e5naders praktik hos La Paloma Event. Det var en blandning av sp\u00e4nning och nervositet n\u00e4r jag steg in i en ny milj\u00f6, ivrig att l\u00e4ra mig och bidra.<\/p>\n<h2>Lokalk\u00e4nnedom och aktiviteter<\/h2>\n<p>En av de f\u00f6rsta sakerna jag fick uppleva var den hisnande naturen som Mallorca har att erbjuda. Jag hade turen att f\u00e5 delta i flera vandringar, d\u00e4r jag kunde njuta av de fantastiska landskapen medan jag arbetade tillsammans med teamet. Dessa vandringar var inte bara ett tillf\u00e4lle att utforska \u00f6ns sk\u00f6nhet\u2014de gav ocks\u00e5 en m\u00f6jlighet att engagera mig med kunder och resen\u00e4rer. Att h\u00f6ra deras feedback, l\u00e4ra mig om deras upplevelser och f\u00f6rst\u00e5 hur de t\u00e4nker var otroligt v\u00e4rdefullt. Det \u00e4r kunskap jag kommer att b\u00e4ra med mig genom hela min professionella karri\u00e4r.<\/p>\n<h2>Team k\u00e4nsla<\/h2>\n<p>La Paloma Event drivs av en grupp fantastiska kvinnor, var och en med en enorm kunskap och erfarenhet. Att f\u00e5 vara omgiven av s\u00e5 drivna och talangfulla yrkespersoner var en av de b\u00e4sta delarna av min praktik. Jag hade privilegiet att l\u00e4ra mig av dem, inte bara genom observation utan ocks\u00e5 genom autentiska samtal d\u00e4r de gener\u00f6st delade med sig av sin expertis. Milj\u00f6n var v\u00e4lkomnande och st\u00f6ttande, vilket gjorde det l\u00e4tt att st\u00e4lla fr\u00e5gor och ta till sig s\u00e5 mycket som m\u00f6jligt.<\/p>\n<p>Teamets kunskap och passion inspirerade mig dagligen, och jag k\u00e4nde mig trygg i deras n\u00e4rvaro, med vetskapen att jag l\u00e4rde mig fr\u00e5n n\u00e5gra av de b\u00e4sta inom omr\u00e5det. Denna k\u00e4nsla av trygghet gjorde att jag kunde v\u00e4xa, inte bara som yrkesperson utan \u00e4ven som m\u00e4nniska. La Paloma Event \u00e4r verkligen en plats d\u00e4r empowerment och samarbete frodas, och jag \u00e4r oerh\u00f6rt tacksam \u00f6ver att ha varit en del av det.<\/p>\n<p>N\u00e4r jag ser tillbaka p\u00e5 min tid hos La Paloma Event inser jag att det var mer \u00e4n bara en praktik\u2014det var en omv\u00e4lvande upplevelse. De f\u00e4rdigheter jag har f\u00e5tt, de kontakter jag har knutit och den inspiration jag har k\u00e4nt kommer utan tvekan att forma hur jag n\u00e4rmar mig min framtida karri\u00e4r.<\/p>\n<p><img loading=\"lazy\" decoding=\"async\" class=\"alignnone size-medium wp-image-12275\" src=\"https:\/\/www.lapalomaevent.com\/wp-content\/uploads\/2024\/10\/sandra-225x300.webp\" alt=\"\" width=\"225\" height=\"300\" \/><\/p>\n","protected":false},"excerpt":{"rendered":"<p>I b\u00f6rjan av v\u00e5ren landade jag p\u00e5 Mallorca f\u00f6r tv\u00e5 m\u00e5naders praktik hos La Paloma Event. Det var en blandning av sp\u00e4nning och nervositet n\u00e4r jag steg in i en ny milj\u00f6, ivrig att l\u00e4ra mig och bidra. Lokalk\u00e4nnedom och aktiviteter En av de f\u00f6rsta sakerna jag fick uppleva var den hisnande naturen som Mallorca [&hellip;]<\/p>\n","protected":false},"author":2,"featured_media":12271,"comment_status":"closed","ping_status":"open","sticky":false,"template":"","format":"standard","meta":{"_et_pb_use_builder":"","_et_pb_old_content":"","_et_gb_content_width":"","om_disable_all_campaigns":false,"_monsterinsights_skip_tracking":false,"_monsterinsights_sitenote_active":false,"_monsterinsights_sitenote_note":"","_monsterinsights_sitenote_category":0,"footnotes":""},"categories":[8],"tags":[],"class_list":["post-12249","post","type-post","status-publish","format-standard","has-post-thumbnail","hentry","category-okategoriserad"],"yoast_head":"<!-- This site is optimized with the Yoast SEO plugin v27.4 - https:\/\/yoast.com\/product\/yoast-seo-wordpress\/ -->\n<title>Praktik som eventplanerare p\u00e5 Mallorca -La Paloma Event<\/title>\n<meta name=\"description\" content=\"Ta n\u00e4sta steg i din karri\u00e4r som eventplanerare p\u00e5 Mallorca. F\u00e5 praktisk erfarenhet och skapa minnesv\u00e4rda evenemang. Ans\u00f6k idag!\" \/>\n<meta name=\"robots\" content=\"index, follow, max-snippet:-1, max-image-preview:large, max-video-preview:-1\" \/>\n<link rel=\"canonical\" href=\"https:\/\/www.lapalomaevent.com\/sv\/praktik-som-eventplanerare-pa-mallorca\/\" \/>\n<meta property=\"og:locale\" content=\"sv_SE\" \/>\n<meta property=\"og:type\" content=\"article\" \/>\n<meta property=\"og:title\" content=\"Praktik som eventplanerare p\u00e5 Mallorca -La Paloma Event\" \/>\n<meta property=\"og:description\" content=\"Ta n\u00e4sta steg i din karri\u00e4r som eventplanerare p\u00e5 Mallorca. F\u00e5 praktisk erfarenhet och skapa minnesv\u00e4rda evenemang. Ans\u00f6k idag!\" \/>\n<meta property=\"og:url\" content=\"https:\/\/www.lapalomaevent.com\/sv\/praktik-som-eventplanerare-pa-mallorca\/\" \/>\n<meta property=\"og:site_name\" content=\"La Paloma Event\" \/>\n<meta property=\"article:published_time\" content=\"2024-10-01T08:54:57+00:00\" \/>\n<meta property=\"article:modified_time\" content=\"2024-11-20T14:27:53+00:00\" \/>\n<meta property=\"og:image\" content=\"https:\/\/www.lapalomaevent.com\/wp-content\/uploads\/2024\/10\/principal.webp\" \/>\n\t<meta property=\"og:image:width\" content=\"1536\" \/>\n\t<meta property=\"og:image:height\" content=\"2048\" \/>\n\t<meta property=\"og:image:type\" content=\"image\/webp\" \/>\n<meta name=\"author\" content=\"Victor Appelqvist\" \/>\n<meta name=\"twitter:card\" content=\"summary_large_image\" \/>\n<meta name=\"twitter:label1\" content=\"Skriven av\" \/>\n\t<meta name=\"twitter:data1\" content=\"Victor Appelqvist\" \/>\n\t<meta name=\"twitter:label2\" content=\"Ber\u00e4knad l\u00e4stid\" \/>\n\t<meta name=\"twitter:data2\" content=\"2 minuter\" \/>\n<script type=\"application\/ld+json\" class=\"yoast-schema-graph\">{\"@context\":\"https:\\\/\\\/schema.org\",\"@graph\":[{\"@type\":\"Article\",\"@id\":\"https:\\\/\\\/www.lapalomaevent.com\\\/sv\\\/praktik-som-eventplanerare-pa-mallorca\\\/#article\",\"isPartOf\":{\"@id\":\"https:\\\/\\\/www.lapalomaevent.com\\\/sv\\\/praktik-som-eventplanerare-pa-mallorca\\\/\"},\"author\":{\"name\":\"Victor Appelqvist\",\"@id\":\"https:\\\/\\\/www.lapalomaevent.com\\\/sv\\\/#\\\/schema\\\/person\\\/e4577b6b9588a73f05a552fa217a23b4\"},\"headline\":\"Praktik som eventplanerare p\u00e5 Mallorca\",\"datePublished\":\"2024-10-01T08:54:57+00:00\",\"dateModified\":\"2024-11-20T14:27:53+00:00\",\"mainEntityOfPage\":{\"@id\":\"https:\\\/\\\/www.lapalomaevent.com\\\/sv\\\/praktik-som-eventplanerare-pa-mallorca\\\/\"},\"wordCount\":401,\"image\":{\"@id\":\"https:\\\/\\\/www.lapalomaevent.com\\\/sv\\\/praktik-som-eventplanerare-pa-mallorca\\\/#primaryimage\"},\"thumbnailUrl\":\"https:\\\/\\\/www.lapalomaevent.com\\\/wp-content\\\/uploads\\\/2024\\\/10\\\/principal.webp\",\"articleSection\":[\"Okategoriserad\"],\"inLanguage\":\"sv-SE\"},{\"@type\":\"WebPage\",\"@id\":\"https:\\\/\\\/www.lapalomaevent.com\\\/sv\\\/praktik-som-eventplanerare-pa-mallorca\\\/\",\"url\":\"https:\\\/\\\/www.lapalomaevent.com\\\/sv\\\/praktik-som-eventplanerare-pa-mallorca\\\/\",\"name\":\"Praktik som eventplanerare p\u00e5 Mallorca -La Paloma Event\",\"isPartOf\":{\"@id\":\"https:\\\/\\\/www.lapalomaevent.com\\\/sv\\\/#website\"},\"primaryImageOfPage\":{\"@id\":\"https:\\\/\\\/www.lapalomaevent.com\\\/sv\\\/praktik-som-eventplanerare-pa-mallorca\\\/#primaryimage\"},\"image\":{\"@id\":\"https:\\\/\\\/www.lapalomaevent.com\\\/sv\\\/praktik-som-eventplanerare-pa-mallorca\\\/#primaryimage\"},\"thumbnailUrl\":\"https:\\\/\\\/www.lapalomaevent.com\\\/wp-content\\\/uploads\\\/2024\\\/10\\\/principal.webp\",\"datePublished\":\"2024-10-01T08:54:57+00:00\",\"dateModified\":\"2024-11-20T14:27:53+00:00\",\"author\":{\"@id\":\"https:\\\/\\\/www.lapalomaevent.com\\\/sv\\\/#\\\/schema\\\/person\\\/e4577b6b9588a73f05a552fa217a23b4\"},\"description\":\"Ta n\u00e4sta steg i din karri\u00e4r som eventplanerare p\u00e5 Mallorca. F\u00e5 praktisk erfarenhet och skapa minnesv\u00e4rda evenemang. Ans\u00f6k idag!\",\"breadcrumb\":{\"@id\":\"https:\\\/\\\/www.lapalomaevent.com\\\/sv\\\/praktik-som-eventplanerare-pa-mallorca\\\/#breadcrumb\"},\"inLanguage\":\"sv-SE\",\"potentialAction\":[{\"@type\":\"ReadAction\",\"target\":[\"https:\\\/\\\/www.lapalomaevent.com\\\/sv\\\/praktik-som-eventplanerare-pa-mallorca\\\/\"]}]},{\"@type\":\"ImageObject\",\"inLanguage\":\"sv-SE\",\"@id\":\"https:\\\/\\\/www.lapalomaevent.com\\\/sv\\\/praktik-som-eventplanerare-pa-mallorca\\\/#primaryimage\",\"url\":\"https:\\\/\\\/www.lapalomaevent.com\\\/wp-content\\\/uploads\\\/2024\\\/10\\\/principal.webp\",\"contentUrl\":\"https:\\\/\\\/www.lapalomaevent.com\\\/wp-content\\\/uploads\\\/2024\\\/10\\\/principal.webp\",\"width\":1536,\"height\":2048},{\"@type\":\"BreadcrumbList\",\"@id\":\"https:\\\/\\\/www.lapalomaevent.com\\\/sv\\\/praktik-som-eventplanerare-pa-mallorca\\\/#breadcrumb\",\"itemListElement\":[{\"@type\":\"ListItem\",\"position\":1,\"name\":\"Hem\",\"item\":\"https:\\\/\\\/www.lapalomaevent.com\\\/sv\\\/\"},{\"@type\":\"ListItem\",\"position\":2,\"name\":\"Praktik som eventplanerare p\u00e5 Mallorca\"}]},{\"@type\":\"WebSite\",\"@id\":\"https:\\\/\\\/www.lapalomaevent.com\\\/sv\\\/#website\",\"url\":\"https:\\\/\\\/www.lapalomaevent.com\\\/sv\\\/\",\"name\":\"La Paloma Event\",\"description\":\"We believe that you are unique!\",\"potentialAction\":[{\"@type\":\"SearchAction\",\"target\":{\"@type\":\"EntryPoint\",\"urlTemplate\":\"https:\\\/\\\/www.lapalomaevent.com\\\/sv\\\/?s={search_term_string}\"},\"query-input\":{\"@type\":\"PropertyValueSpecification\",\"valueRequired\":true,\"valueName\":\"search_term_string\"}}],\"inLanguage\":\"sv-SE\"},{\"@type\":\"Person\",\"@id\":\"https:\\\/\\\/www.lapalomaevent.com\\\/sv\\\/#\\\/schema\\\/person\\\/e4577b6b9588a73f05a552fa217a23b4\",\"name\":\"Victor Appelqvist\",\"image\":{\"@type\":\"ImageObject\",\"inLanguage\":\"sv-SE\",\"@id\":\"https:\\\/\\\/secure.gravatar.com\\\/avatar\\\/7b9ed9246cdad1ffa2e60eef534a91a3276097a635378fcd5822e642c7ce455b?s=96&d=mm&r=g\",\"url\":\"https:\\\/\\\/secure.gravatar.com\\\/avatar\\\/7b9ed9246cdad1ffa2e60eef534a91a3276097a635378fcd5822e642c7ce455b?s=96&d=mm&r=g\",\"contentUrl\":\"https:\\\/\\\/secure.gravatar.com\\\/avatar\\\/7b9ed9246cdad1ffa2e60eef534a91a3276097a635378fcd5822e642c7ce455b?s=96&d=mm&r=g\",\"caption\":\"Victor Appelqvist\"},\"url\":\"https:\\\/\\\/www.lapalomaevent.com\\\/sv\\\/author\\\/victor\\\/\"}]}<\/script>\n<!-- \/ Yoast SEO plugin. -->","yoast_head_json":{"title":"Praktik som eventplanerare p\u00e5 Mallorca -La Paloma Event","description":"Ta n\u00e4sta steg i din karri\u00e4r som eventplanerare p\u00e5 Mallorca. F\u00e5 praktisk erfarenhet och skapa minnesv\u00e4rda evenemang. Ans\u00f6k idag!","robots":{"index":"index","follow":"follow","max-snippet":"max-snippet:-1","max-image-preview":"max-image-preview:large","max-video-preview":"max-video-preview:-1"},"canonical":"https:\/\/www.lapalomaevent.com\/sv\/praktik-som-eventplanerare-pa-mallorca\/","og_locale":"sv_SE","og_type":"article","og_title":"Praktik som eventplanerare p\u00e5 Mallorca -La Paloma Event","og_description":"Ta n\u00e4sta steg i din karri\u00e4r som eventplanerare p\u00e5 Mallorca. F\u00e5 praktisk erfarenhet och skapa minnesv\u00e4rda evenemang. Ans\u00f6k idag!","og_url":"https:\/\/www.lapalomaevent.com\/sv\/praktik-som-eventplanerare-pa-mallorca\/","og_site_name":"La Paloma Event","article_published_time":"2024-10-01T08:54:57+00:00","article_modified_time":"2024-11-20T14:27:53+00:00","og_image":[{"width":1536,"height":2048,"url":"https:\/\/www.lapalomaevent.com\/wp-content\/uploads\/2024\/10\/principal.webp","type":"image\/webp"}],"author":"Victor Appelqvist","twitter_card":"summary_large_image","twitter_misc":{"Skriven av":"Victor Appelqvist","Ber\u00e4knad l\u00e4stid":"2 minuter"},"schema":{"@context":"https:\/\/schema.org","@graph":[{"@type":"Article","@id":"https:\/\/www.lapalomaevent.com\/sv\/praktik-som-eventplanerare-pa-mallorca\/#article","isPartOf":{"@id":"https:\/\/www.lapalomaevent.com\/sv\/praktik-som-eventplanerare-pa-mallorca\/"},"author":{"name":"Victor Appelqvist","@id":"https:\/\/www.lapalomaevent.com\/sv\/#\/schema\/person\/e4577b6b9588a73f05a552fa217a23b4"},"headline":"Praktik som eventplanerare p\u00e5 Mallorca","datePublished":"2024-10-01T08:54:57+00:00","dateModified":"2024-11-20T14:27:53+00:00","mainEntityOfPage":{"@id":"https:\/\/www.lapalomaevent.com\/sv\/praktik-som-eventplanerare-pa-mallorca\/"},"wordCount":401,"image":{"@id":"https:\/\/www.lapalomaevent.com\/sv\/praktik-som-eventplanerare-pa-mallorca\/#primaryimage"},"thumbnailUrl":"https:\/\/www.lapalomaevent.com\/wp-content\/uploads\/2024\/10\/principal.webp","articleSection":["Okategoriserad"],"inLanguage":"sv-SE"},{"@type":"WebPage","@id":"https:\/\/www.lapalomaevent.com\/sv\/praktik-som-eventplanerare-pa-mallorca\/","url":"https:\/\/www.lapalomaevent.com\/sv\/praktik-som-eventplanerare-pa-mallorca\/","name":"Praktik som eventplanerare p\u00e5 Mallorca -La Paloma Event","isPartOf":{"@id":"https:\/\/www.lapalomaevent.com\/sv\/#website"},"primaryImageOfPage":{"@id":"https:\/\/www.lapalomaevent.com\/sv\/praktik-som-eventplanerare-pa-mallorca\/#primaryimage"},"image":{"@id":"https:\/\/www.lapalomaevent.com\/sv\/praktik-som-eventplanerare-pa-mallorca\/#primaryimage"},"thumbnailUrl":"https:\/\/www.lapalomaevent.com\/wp-content\/uploads\/2024\/10\/principal.webp","datePublished":"2024-10-01T08:54:57+00:00","dateModified":"2024-11-20T14:27:53+00:00","author":{"@id":"https:\/\/www.lapalomaevent.com\/sv\/#\/schema\/person\/e4577b6b9588a73f05a552fa217a23b4"},"description":"Ta n\u00e4sta steg i din karri\u00e4r som eventplanerare p\u00e5 Mallorca. F\u00e5 praktisk erfarenhet och skapa minnesv\u00e4rda evenemang. Ans\u00f6k idag!","breadcrumb":{"@id":"https:\/\/www.lapalomaevent.com\/sv\/praktik-som-eventplanerare-pa-mallorca\/#breadcrumb"},"inLanguage":"sv-SE","potentialAction":[{"@type":"ReadAction","target":["https:\/\/www.lapalomaevent.com\/sv\/praktik-som-eventplanerare-pa-mallorca\/"]}]},{"@type":"ImageObject","inLanguage":"sv-SE","@id":"https:\/\/www.lapalomaevent.com\/sv\/praktik-som-eventplanerare-pa-mallorca\/#primaryimage","url":"https:\/\/www.lapalomaevent.com\/wp-content\/uploads\/2024\/10\/principal.webp","contentUrl":"https:\/\/www.lapalomaevent.com\/wp-content\/uploads\/2024\/10\/principal.webp","width":1536,"height":2048},{"@type":"BreadcrumbList","@id":"https:\/\/www.lapalomaevent.com\/sv\/praktik-som-eventplanerare-pa-mallorca\/#breadcrumb","itemListElement":[{"@type":"ListItem","position":1,"name":"Hem","item":"https:\/\/www.lapalomaevent.com\/sv\/"},{"@type":"ListItem","position":2,"name":"Praktik som eventplanerare p\u00e5 Mallorca"}]},{"@type":"WebSite","@id":"https:\/\/www.lapalomaevent.com\/sv\/#website","url":"https:\/\/www.lapalomaevent.com\/sv\/","name":"La Paloma Event","description":"We believe that you are unique!","potentialAction":[{"@type":"SearchAction","target":{"@type":"EntryPoint","urlTemplate":"https:\/\/www.lapalomaevent.com\/sv\/?s={search_term_string}"},"query-input":{"@type":"PropertyValueSpecification","valueRequired":true,"valueName":"search_term_string"}}],"inLanguage":"sv-SE"},{"@type":"Person","@id":"https:\/\/www.lapalomaevent.com\/sv\/#\/schema\/person\/e4577b6b9588a73f05a552fa217a23b4","name":"Victor Appelqvist","image":{"@type":"ImageObject","inLanguage":"sv-SE","@id":"https:\/\/secure.gravatar.com\/avatar\/7b9ed9246cdad1ffa2e60eef534a91a3276097a635378fcd5822e642c7ce455b?s=96&d=mm&r=g","url":"https:\/\/secure.gravatar.com\/avatar\/7b9ed9246cdad1ffa2e60eef534a91a3276097a635378fcd5822e642c7ce455b?s=96&d=mm&r=g","contentUrl":"https:\/\/secure.gravatar.com\/avatar\/7b9ed9246cdad1ffa2e60eef534a91a3276097a635378fcd5822e642c7ce455b?s=96&d=mm&r=g","caption":"Victor Appelqvist"},"url":"https:\/\/www.lapalomaevent.com\/sv\/author\/victor\/"}]}},"_links":{"self":[{"href":"https:\/\/www.lapalomaevent.com\/sv\/wp-json\/wp\/v2\/posts\/12249","targetHints":{"allow":["GET"]}}],"collection":[{"href":"https:\/\/www.lapalomaevent.com\/sv\/wp-json\/wp\/v2\/posts"}],"about":[{"href":"https:\/\/www.lapalomaevent.com\/sv\/wp-json\/wp\/v2\/types\/post"}],"author":[{"embeddable":true,"href":"https:\/\/www.lapalomaevent.com\/sv\/wp-json\/wp\/v2\/users\/2"}],"replies":[{"embeddable":true,"href":"https:\/\/www.lapalomaevent.com\/sv\/wp-json\/wp\/v2\/comments?post=12249"}],"version-history":[{"count":3,"href":"https:\/\/www.lapalomaevent.com\/sv\/wp-json\/wp\/v2\/posts\/12249\/revisions"}],"predecessor-version":[{"id":13522,"href":"https:\/\/www.lapalomaevent.com\/sv\/wp-json\/wp\/v2\/posts\/12249\/revisions\/13522"}],"wp:featuredmedia":[{"embeddable":true,"href":"https:\/\/www.lapalomaevent.com\/sv\/wp-json\/wp\/v2\/media\/12271"}],"wp:attachment":[{"href":"https:\/\/www.lapalomaevent.com\/sv\/wp-json\/wp\/v2\/media?parent=12249"}],"wp:term":[{"taxonomy":"category","embeddable":true,"href":"https:\/\/www.lapalomaevent.com\/sv\/wp-json\/wp\/v2\/categories?post=12249"},{"taxonomy":"post_tag","embeddable":true,"href":"https:\/\/www.lapalomaevent.com\/sv\/wp-json\/wp\/v2\/tags?post=12249"}],"curies":[{"name":"wp","href":"https:\/\/api.w.org\/{rel}","templated":true}]}}