{"id":12287,"date":"2024-10-03T11:32:34","date_gmt":"2024-10-03T09:32:34","guid":{"rendered":"https:\/\/lapalomaevent.rwdesarrollos.es\/varfor-mallorca-ar-den-perfekta-destinationen-for-ditt-nasta-foretagsevent\/"},"modified":"2024-10-31T12:50:16","modified_gmt":"2024-10-31T11:50:16","slug":"varfor-mallorca-ar-den-perfekta-destinationen-for-ditt-nasta-foretagsevent","status":"publish","type":"post","link":"https:\/\/www.lapalomaevent.com\/sv\/varfor-mallorca-ar-den-perfekta-destinationen-for-ditt-nasta-foretagsevent\/","title":{"rendered":"Varf\u00f6r Mallorca \u00e4r den Perfekta Destinationen f\u00f6r ditt n\u00e4sta F\u00f6retagsevent"},"content":{"rendered":"<p>N\u00e4r du planerar ett f\u00f6retagsevent \u00e4r platsen avg\u00f6rande f\u00f6r att skapa en minnesv\u00e4rd upplevelse. Mallorca \u2013 med sitt fantastiska klimat och sin storslagna natur \u2013 erbjuder allt du beh\u00f6ver f\u00f6r att ta ditt event till n\u00e4sta niv\u00e5.<\/p>\n<h2>1. L\u00e4tt att N\u00e5<\/h2>\n<p>Med direktflyg fr\u00e5n m\u00e5nga europeiska st\u00e4der, inklusive Sverige, \u00e4r Mallorca en bekv\u00e4m destination f\u00f6r internationella m\u00f6ten och konferenser. P\u00e5 bara n\u00e5gra timmar kan dina g\u00e4ster byta ut kontorsmilj\u00f6n mot den varma medelhavsvindar.<\/p>\n<p><img loading=\"lazy\" decoding=\"async\" src=\"https:\/\/www.lapalomaevent.com\/wp-content\/uploads\/2024\/10\/finca-300x200.webp\" alt=\"\" width=\"300\" height=\"200\" \/><\/p>\n<h2>2. Uppt\u00e4ck vackra platser f\u00f6r din konferens eller event<\/h2>\n<p>Mallorca erbjuder ett imponerande utbud av lokaler som passar perfekt f\u00f6r din konferens eller ditt event. \u00d6n \u00e4r k\u00e4nd f\u00f6r sin utm\u00e4rkta hotellindustri, d\u00e4r de flesta hotell har fullt utrustade konferensrum och m\u00f6tesutrymmen. Men det slutar inte d\u00e4r. Om du s\u00f6ker n\u00e5got mer unikt har Mallorca flera fantastiska platser utanf\u00f6r den traditionella hotell milj\u00f6n. T\u00e4nk dig att h\u00e5lla ditt event p\u00e5 en pittoresk ving\u00e5rd, en historisk finca eller en stilfull lokal vid stranden. Oavsett om du beh\u00f6ver en modern konferenshall eller en mer intim, kreativ plats, har Mallorca den perfekta lokalen f\u00f6r att h\u00f6ja ditt event och skapa en of\u00f6rgl\u00f6mlig upplevelse f\u00f6r dina g\u00e4ster.<\/p>\n<p><img loading=\"lazy\" decoding=\"async\" src=\"https:\/\/www.lapalomaevent.com\/wp-content\/uploads\/2024\/10\/mhares-300x169.webp\" alt=\"\" width=\"300\" height=\"169\" \/><\/p>\n<h2>3. Stort Utbud av Aktiviteter<\/h2>\n<p>Mallorca \u00e4r den perfekta destinationen f\u00f6r team-building och avkoppling, med ett brett utbud av aktiviteter f\u00f6r alla smaker. Cykla l\u00e4ngs den spektakul\u00e4ra kustlinjen, vandra genom \u00f6ns fantastiska landskap eller bes\u00f6k en lokal ving\u00e5rd f\u00f6r en genuin vinprovning. F\u00f6r den som vill utforska mer erbjuder Mallorcas imponerande grottor en fascinerande upplevelse under jord.<\/p>\n<p>F\u00f6redrar du lugn och ro \u00e4r \u00f6ns vackra str\u00e4nder perfekta f\u00f6r att koppla av efter en produktiv dag. F\u00f6r den \u00e4ventyrslystne finns det gott om vattensporter, som kajakpaddling, paddleboarding och dykning i det kristallklara vattnet. Oavsett om du s\u00f6ker \u00e4ventyr, avkoppling eller kulturella upplevelser, erbjuder Mallorca en of\u00f6rgl\u00f6mlig vistelse!<\/p>\n<p><img loading=\"lazy\" decoding=\"async\" src=\"https:\/\/www.lapalomaevent.com\/wp-content\/uploads\/2024\/10\/WhatsApp-Image-2024-05-22-at-21.22.22-1-300x225.jpeg\" alt=\"\" width=\"300\" height=\"225\" \/><\/p>\n","protected":false},"excerpt":{"rendered":"<p>N\u00e4r du planerar ett f\u00f6retagsevent \u00e4r platsen avg\u00f6rande f\u00f6r att skapa en minnesv\u00e4rd upplevelse. Mallorca \u2013 med sitt fantastiska klimat och sin storslagna natur \u2013 erbjuder allt du beh\u00f6ver f\u00f6r att ta ditt event till n\u00e4sta niv\u00e5. 1. L\u00e4tt att N\u00e5 Med direktflyg fr\u00e5n m\u00e5nga europeiska st\u00e4der, inklusive Sverige, \u00e4r Mallorca en bekv\u00e4m destination f\u00f6r [&hellip;]<\/p>\n","protected":false},"author":2,"featured_media":12283,"comment_status":"closed","ping_status":"open","sticky":false,"template":"","format":"standard","meta":{"_et_pb_use_builder":"","_et_pb_old_content":"","_et_gb_content_width":"","om_disable_all_campaigns":false,"_monsterinsights_skip_tracking":false,"_monsterinsights_sitenote_active":false,"_monsterinsights_sitenote_note":"","_monsterinsights_sitenote_category":0,"footnotes":""},"categories":[8],"tags":[],"class_list":["post-12287","post","type-post","status-publish","format-standard","has-post-thumbnail","hentry","category-okategoriserad"],"yoast_head":"<!-- This site is optimized with the Yoast SEO plugin v27.4 - https:\/\/yoast.com\/product\/yoast-seo-wordpress\/ -->\n<title>Mallorca: Perfekt f\u00f6r F\u00f6retagsevent - La Paloma Event<\/title>\n<meta name=\"description\" content=\"Uppt\u00e4ck varf\u00f6r Mallorca \u00e4r idealiskt f\u00f6r f\u00f6retagsevenemang. Fantastiska platser, perfekt klimat och unika upplevelser. L\u00e4s mer nu!\" \/>\n<meta name=\"robots\" content=\"index, follow, max-snippet:-1, max-image-preview:large, max-video-preview:-1\" \/>\n<link rel=\"canonical\" href=\"https:\/\/www.lapalomaevent.com\/sv\/varfor-mallorca-ar-den-perfekta-destinationen-for-ditt-nasta-foretagsevent\/\" \/>\n<meta property=\"og:locale\" content=\"sv_SE\" \/>\n<meta property=\"og:type\" content=\"article\" \/>\n<meta property=\"og:title\" content=\"Mallorca: Perfekt f\u00f6r F\u00f6retagsevent - La Paloma Event\" \/>\n<meta property=\"og:description\" content=\"Uppt\u00e4ck varf\u00f6r Mallorca \u00e4r idealiskt f\u00f6r f\u00f6retagsevenemang. Fantastiska platser, perfekt klimat och unika upplevelser. L\u00e4s mer nu!\" \/>\n<meta property=\"og:url\" content=\"https:\/\/www.lapalomaevent.com\/sv\/varfor-mallorca-ar-den-perfekta-destinationen-for-ditt-nasta-foretagsevent\/\" \/>\n<meta property=\"og:site_name\" content=\"La Paloma Event\" \/>\n<meta property=\"article:published_time\" content=\"2024-10-03T09:32:34+00:00\" \/>\n<meta property=\"article:modified_time\" content=\"2024-10-31T11:50:16+00:00\" \/>\n<meta property=\"og:image\" content=\"https:\/\/www.lapalomaevent.com\/wp-content\/uploads\/2024\/10\/principal-1.jpeg\" \/>\n\t<meta property=\"og:image:width\" content=\"1300\" \/>\n\t<meta property=\"og:image:height\" content=\"974\" \/>\n\t<meta property=\"og:image:type\" content=\"image\/jpeg\" \/>\n<meta name=\"author\" content=\"Victor Appelqvist\" \/>\n<meta name=\"twitter:card\" content=\"summary_large_image\" \/>\n<meta name=\"twitter:label1\" content=\"Skriven av\" \/>\n\t<meta name=\"twitter:data1\" content=\"Victor Appelqvist\" \/>\n\t<meta name=\"twitter:label2\" content=\"Ber\u00e4knad l\u00e4stid\" \/>\n\t<meta name=\"twitter:data2\" content=\"3 minuter\" \/>\n<script type=\"application\/ld+json\" class=\"yoast-schema-graph\">{\"@context\":\"https:\\\/\\\/schema.org\",\"@graph\":[{\"@type\":\"Article\",\"@id\":\"https:\\\/\\\/www.lapalomaevent.com\\\/sv\\\/varfor-mallorca-ar-den-perfekta-destinationen-for-ditt-nasta-foretagsevent\\\/#article\",\"isPartOf\":{\"@id\":\"https:\\\/\\\/www.lapalomaevent.com\\\/sv\\\/varfor-mallorca-ar-den-perfekta-destinationen-for-ditt-nasta-foretagsevent\\\/\"},\"author\":{\"name\":\"Victor Appelqvist\",\"@id\":\"https:\\\/\\\/www.lapalomaevent.com\\\/sv\\\/#\\\/schema\\\/person\\\/e4577b6b9588a73f05a552fa217a23b4\"},\"headline\":\"Varf\u00f6r Mallorca \u00e4r den Perfekta Destinationen f\u00f6r ditt n\u00e4sta F\u00f6retagsevent\",\"datePublished\":\"2024-10-03T09:32:34+00:00\",\"dateModified\":\"2024-10-31T11:50:16+00:00\",\"mainEntityOfPage\":{\"@id\":\"https:\\\/\\\/www.lapalomaevent.com\\\/sv\\\/varfor-mallorca-ar-den-perfekta-destinationen-for-ditt-nasta-foretagsevent\\\/\"},\"wordCount\":357,\"image\":{\"@id\":\"https:\\\/\\\/www.lapalomaevent.com\\\/sv\\\/varfor-mallorca-ar-den-perfekta-destinationen-for-ditt-nasta-foretagsevent\\\/#primaryimage\"},\"thumbnailUrl\":\"https:\\\/\\\/www.lapalomaevent.com\\\/wp-content\\\/uploads\\\/2024\\\/10\\\/principal-1.jpeg\",\"articleSection\":[\"Okategoriserad\"],\"inLanguage\":\"sv-SE\"},{\"@type\":\"WebPage\",\"@id\":\"https:\\\/\\\/www.lapalomaevent.com\\\/sv\\\/varfor-mallorca-ar-den-perfekta-destinationen-for-ditt-nasta-foretagsevent\\\/\",\"url\":\"https:\\\/\\\/www.lapalomaevent.com\\\/sv\\\/varfor-mallorca-ar-den-perfekta-destinationen-for-ditt-nasta-foretagsevent\\\/\",\"name\":\"Mallorca: Perfekt f\u00f6r F\u00f6retagsevent - La Paloma Event\",\"isPartOf\":{\"@id\":\"https:\\\/\\\/www.lapalomaevent.com\\\/sv\\\/#website\"},\"primaryImageOfPage\":{\"@id\":\"https:\\\/\\\/www.lapalomaevent.com\\\/sv\\\/varfor-mallorca-ar-den-perfekta-destinationen-for-ditt-nasta-foretagsevent\\\/#primaryimage\"},\"image\":{\"@id\":\"https:\\\/\\\/www.lapalomaevent.com\\\/sv\\\/varfor-mallorca-ar-den-perfekta-destinationen-for-ditt-nasta-foretagsevent\\\/#primaryimage\"},\"thumbnailUrl\":\"https:\\\/\\\/www.lapalomaevent.com\\\/wp-content\\\/uploads\\\/2024\\\/10\\\/principal-1.jpeg\",\"datePublished\":\"2024-10-03T09:32:34+00:00\",\"dateModified\":\"2024-10-31T11:50:16+00:00\",\"author\":{\"@id\":\"https:\\\/\\\/www.lapalomaevent.com\\\/sv\\\/#\\\/schema\\\/person\\\/e4577b6b9588a73f05a552fa217a23b4\"},\"description\":\"Uppt\u00e4ck varf\u00f6r Mallorca \u00e4r idealiskt f\u00f6r f\u00f6retagsevenemang. Fantastiska platser, perfekt klimat och unika upplevelser. L\u00e4s mer nu!\",\"breadcrumb\":{\"@id\":\"https:\\\/\\\/www.lapalomaevent.com\\\/sv\\\/varfor-mallorca-ar-den-perfekta-destinationen-for-ditt-nasta-foretagsevent\\\/#breadcrumb\"},\"inLanguage\":\"sv-SE\",\"potentialAction\":[{\"@type\":\"ReadAction\",\"target\":[\"https:\\\/\\\/www.lapalomaevent.com\\\/sv\\\/varfor-mallorca-ar-den-perfekta-destinationen-for-ditt-nasta-foretagsevent\\\/\"]}]},{\"@type\":\"ImageObject\",\"inLanguage\":\"sv-SE\",\"@id\":\"https:\\\/\\\/www.lapalomaevent.com\\\/sv\\\/varfor-mallorca-ar-den-perfekta-destinationen-for-ditt-nasta-foretagsevent\\\/#primaryimage\",\"url\":\"https:\\\/\\\/www.lapalomaevent.com\\\/wp-content\\\/uploads\\\/2024\\\/10\\\/principal-1.jpeg\",\"contentUrl\":\"https:\\\/\\\/www.lapalomaevent.com\\\/wp-content\\\/uploads\\\/2024\\\/10\\\/principal-1.jpeg\",\"width\":1300,\"height\":974},{\"@type\":\"BreadcrumbList\",\"@id\":\"https:\\\/\\\/www.lapalomaevent.com\\\/sv\\\/varfor-mallorca-ar-den-perfekta-destinationen-for-ditt-nasta-foretagsevent\\\/#breadcrumb\",\"itemListElement\":[{\"@type\":\"ListItem\",\"position\":1,\"name\":\"Hem\",\"item\":\"https:\\\/\\\/www.lapalomaevent.com\\\/sv\\\/\"},{\"@type\":\"ListItem\",\"position\":2,\"name\":\"Varf\u00f6r Mallorca \u00e4r den Perfekta Destinationen f\u00f6r ditt n\u00e4sta F\u00f6retagsevent\"}]},{\"@type\":\"WebSite\",\"@id\":\"https:\\\/\\\/www.lapalomaevent.com\\\/sv\\\/#website\",\"url\":\"https:\\\/\\\/www.lapalomaevent.com\\\/sv\\\/\",\"name\":\"La Paloma Event\",\"description\":\"We believe that you are unique!\",\"potentialAction\":[{\"@type\":\"SearchAction\",\"target\":{\"@type\":\"EntryPoint\",\"urlTemplate\":\"https:\\\/\\\/www.lapalomaevent.com\\\/sv\\\/?s={search_term_string}\"},\"query-input\":{\"@type\":\"PropertyValueSpecification\",\"valueRequired\":true,\"valueName\":\"search_term_string\"}}],\"inLanguage\":\"sv-SE\"},{\"@type\":\"Person\",\"@id\":\"https:\\\/\\\/www.lapalomaevent.com\\\/sv\\\/#\\\/schema\\\/person\\\/e4577b6b9588a73f05a552fa217a23b4\",\"name\":\"Victor Appelqvist\",\"image\":{\"@type\":\"ImageObject\",\"inLanguage\":\"sv-SE\",\"@id\":\"https:\\\/\\\/secure.gravatar.com\\\/avatar\\\/7b9ed9246cdad1ffa2e60eef534a91a3276097a635378fcd5822e642c7ce455b?s=96&d=mm&r=g\",\"url\":\"https:\\\/\\\/secure.gravatar.com\\\/avatar\\\/7b9ed9246cdad1ffa2e60eef534a91a3276097a635378fcd5822e642c7ce455b?s=96&d=mm&r=g\",\"contentUrl\":\"https:\\\/\\\/secure.gravatar.com\\\/avatar\\\/7b9ed9246cdad1ffa2e60eef534a91a3276097a635378fcd5822e642c7ce455b?s=96&d=mm&r=g\",\"caption\":\"Victor Appelqvist\"},\"url\":\"https:\\\/\\\/www.lapalomaevent.com\\\/sv\\\/author\\\/victor\\\/\"}]}<\/script>\n<!-- \/ Yoast SEO plugin. -->","yoast_head_json":{"title":"Mallorca: Perfekt f\u00f6r F\u00f6retagsevent - La Paloma Event","description":"Uppt\u00e4ck varf\u00f6r Mallorca \u00e4r idealiskt f\u00f6r f\u00f6retagsevenemang. Fantastiska platser, perfekt klimat och unika upplevelser. L\u00e4s mer nu!","robots":{"index":"index","follow":"follow","max-snippet":"max-snippet:-1","max-image-preview":"max-image-preview:large","max-video-preview":"max-video-preview:-1"},"canonical":"https:\/\/www.lapalomaevent.com\/sv\/varfor-mallorca-ar-den-perfekta-destinationen-for-ditt-nasta-foretagsevent\/","og_locale":"sv_SE","og_type":"article","og_title":"Mallorca: Perfekt f\u00f6r F\u00f6retagsevent - La Paloma Event","og_description":"Uppt\u00e4ck varf\u00f6r Mallorca \u00e4r idealiskt f\u00f6r f\u00f6retagsevenemang. Fantastiska platser, perfekt klimat och unika upplevelser. L\u00e4s mer nu!","og_url":"https:\/\/www.lapalomaevent.com\/sv\/varfor-mallorca-ar-den-perfekta-destinationen-for-ditt-nasta-foretagsevent\/","og_site_name":"La Paloma Event","article_published_time":"2024-10-03T09:32:34+00:00","article_modified_time":"2024-10-31T11:50:16+00:00","og_image":[{"width":1300,"height":974,"url":"https:\/\/www.lapalomaevent.com\/wp-content\/uploads\/2024\/10\/principal-1.jpeg","type":"image\/jpeg"}],"author":"Victor Appelqvist","twitter_card":"summary_large_image","twitter_misc":{"Skriven av":"Victor Appelqvist","Ber\u00e4knad l\u00e4stid":"3 minuter"},"schema":{"@context":"https:\/\/schema.org","@graph":[{"@type":"Article","@id":"https:\/\/www.lapalomaevent.com\/sv\/varfor-mallorca-ar-den-perfekta-destinationen-for-ditt-nasta-foretagsevent\/#article","isPartOf":{"@id":"https:\/\/www.lapalomaevent.com\/sv\/varfor-mallorca-ar-den-perfekta-destinationen-for-ditt-nasta-foretagsevent\/"},"author":{"name":"Victor Appelqvist","@id":"https:\/\/www.lapalomaevent.com\/sv\/#\/schema\/person\/e4577b6b9588a73f05a552fa217a23b4"},"headline":"Varf\u00f6r Mallorca \u00e4r den Perfekta Destinationen f\u00f6r ditt n\u00e4sta F\u00f6retagsevent","datePublished":"2024-10-03T09:32:34+00:00","dateModified":"2024-10-31T11:50:16+00:00","mainEntityOfPage":{"@id":"https:\/\/www.lapalomaevent.com\/sv\/varfor-mallorca-ar-den-perfekta-destinationen-for-ditt-nasta-foretagsevent\/"},"wordCount":357,"image":{"@id":"https:\/\/www.lapalomaevent.com\/sv\/varfor-mallorca-ar-den-perfekta-destinationen-for-ditt-nasta-foretagsevent\/#primaryimage"},"thumbnailUrl":"https:\/\/www.lapalomaevent.com\/wp-content\/uploads\/2024\/10\/principal-1.jpeg","articleSection":["Okategoriserad"],"inLanguage":"sv-SE"},{"@type":"WebPage","@id":"https:\/\/www.lapalomaevent.com\/sv\/varfor-mallorca-ar-den-perfekta-destinationen-for-ditt-nasta-foretagsevent\/","url":"https:\/\/www.lapalomaevent.com\/sv\/varfor-mallorca-ar-den-perfekta-destinationen-for-ditt-nasta-foretagsevent\/","name":"Mallorca: Perfekt f\u00f6r F\u00f6retagsevent - La Paloma Event","isPartOf":{"@id":"https:\/\/www.lapalomaevent.com\/sv\/#website"},"primaryImageOfPage":{"@id":"https:\/\/www.lapalomaevent.com\/sv\/varfor-mallorca-ar-den-perfekta-destinationen-for-ditt-nasta-foretagsevent\/#primaryimage"},"image":{"@id":"https:\/\/www.lapalomaevent.com\/sv\/varfor-mallorca-ar-den-perfekta-destinationen-for-ditt-nasta-foretagsevent\/#primaryimage"},"thumbnailUrl":"https:\/\/www.lapalomaevent.com\/wp-content\/uploads\/2024\/10\/principal-1.jpeg","datePublished":"2024-10-03T09:32:34+00:00","dateModified":"2024-10-31T11:50:16+00:00","author":{"@id":"https:\/\/www.lapalomaevent.com\/sv\/#\/schema\/person\/e4577b6b9588a73f05a552fa217a23b4"},"description":"Uppt\u00e4ck varf\u00f6r Mallorca \u00e4r idealiskt f\u00f6r f\u00f6retagsevenemang. Fantastiska platser, perfekt klimat och unika upplevelser. L\u00e4s mer nu!","breadcrumb":{"@id":"https:\/\/www.lapalomaevent.com\/sv\/varfor-mallorca-ar-den-perfekta-destinationen-for-ditt-nasta-foretagsevent\/#breadcrumb"},"inLanguage":"sv-SE","potentialAction":[{"@type":"ReadAction","target":["https:\/\/www.lapalomaevent.com\/sv\/varfor-mallorca-ar-den-perfekta-destinationen-for-ditt-nasta-foretagsevent\/"]}]},{"@type":"ImageObject","inLanguage":"sv-SE","@id":"https:\/\/www.lapalomaevent.com\/sv\/varfor-mallorca-ar-den-perfekta-destinationen-for-ditt-nasta-foretagsevent\/#primaryimage","url":"https:\/\/www.lapalomaevent.com\/wp-content\/uploads\/2024\/10\/principal-1.jpeg","contentUrl":"https:\/\/www.lapalomaevent.com\/wp-content\/uploads\/2024\/10\/principal-1.jpeg","width":1300,"height":974},{"@type":"BreadcrumbList","@id":"https:\/\/www.lapalomaevent.com\/sv\/varfor-mallorca-ar-den-perfekta-destinationen-for-ditt-nasta-foretagsevent\/#breadcrumb","itemListElement":[{"@type":"ListItem","position":1,"name":"Hem","item":"https:\/\/www.lapalomaevent.com\/sv\/"},{"@type":"ListItem","position":2,"name":"Varf\u00f6r Mallorca \u00e4r den Perfekta Destinationen f\u00f6r ditt n\u00e4sta F\u00f6retagsevent"}]},{"@type":"WebSite","@id":"https:\/\/www.lapalomaevent.com\/sv\/#website","url":"https:\/\/www.lapalomaevent.com\/sv\/","name":"La Paloma Event","description":"We believe that you are unique!","potentialAction":[{"@type":"SearchAction","target":{"@type":"EntryPoint","urlTemplate":"https:\/\/www.lapalomaevent.com\/sv\/?s={search_term_string}"},"query-input":{"@type":"PropertyValueSpecification","valueRequired":true,"valueName":"search_term_string"}}],"inLanguage":"sv-SE"},{"@type":"Person","@id":"https:\/\/www.lapalomaevent.com\/sv\/#\/schema\/person\/e4577b6b9588a73f05a552fa217a23b4","name":"Victor Appelqvist","image":{"@type":"ImageObject","inLanguage":"sv-SE","@id":"https:\/\/secure.gravatar.com\/avatar\/7b9ed9246cdad1ffa2e60eef534a91a3276097a635378fcd5822e642c7ce455b?s=96&d=mm&r=g","url":"https:\/\/secure.gravatar.com\/avatar\/7b9ed9246cdad1ffa2e60eef534a91a3276097a635378fcd5822e642c7ce455b?s=96&d=mm&r=g","contentUrl":"https:\/\/secure.gravatar.com\/avatar\/7b9ed9246cdad1ffa2e60eef534a91a3276097a635378fcd5822e642c7ce455b?s=96&d=mm&r=g","caption":"Victor Appelqvist"},"url":"https:\/\/www.lapalomaevent.com\/sv\/author\/victor\/"}]}},"_links":{"self":[{"href":"https:\/\/www.lapalomaevent.com\/sv\/wp-json\/wp\/v2\/posts\/12287","targetHints":{"allow":["GET"]}}],"collection":[{"href":"https:\/\/www.lapalomaevent.com\/sv\/wp-json\/wp\/v2\/posts"}],"about":[{"href":"https:\/\/www.lapalomaevent.com\/sv\/wp-json\/wp\/v2\/types\/post"}],"author":[{"embeddable":true,"href":"https:\/\/www.lapalomaevent.com\/sv\/wp-json\/wp\/v2\/users\/2"}],"replies":[{"embeddable":true,"href":"https:\/\/www.lapalomaevent.com\/sv\/wp-json\/wp\/v2\/comments?post=12287"}],"version-history":[{"count":5,"href":"https:\/\/www.lapalomaevent.com\/sv\/wp-json\/wp\/v2\/posts\/12287\/revisions"}],"predecessor-version":[{"id":12942,"href":"https:\/\/www.lapalomaevent.com\/sv\/wp-json\/wp\/v2\/posts\/12287\/revisions\/12942"}],"wp:featuredmedia":[{"embeddable":true,"href":"https:\/\/www.lapalomaevent.com\/sv\/wp-json\/wp\/v2\/media\/12283"}],"wp:attachment":[{"href":"https:\/\/www.lapalomaevent.com\/sv\/wp-json\/wp\/v2\/media?parent=12287"}],"wp:term":[{"taxonomy":"category","embeddable":true,"href":"https:\/\/www.lapalomaevent.com\/sv\/wp-json\/wp\/v2\/categories?post=12287"},{"taxonomy":"post_tag","embeddable":true,"href":"https:\/\/www.lapalomaevent.com\/sv\/wp-json\/wp\/v2\/tags?post=12287"}],"curies":[{"name":"wp","href":"https:\/\/api.w.org\/{rel}","templated":true}]}}