{"id":13593,"date":"2025-04-15T11:48:52","date_gmt":"2025-04-15T09:48:52","guid":{"rendered":"https:\/\/www.lapalomaevent.com\/?p=13593"},"modified":"2025-05-26T08:57:45","modified_gmt":"2025-05-26T06:57:45","slug":"att-bemastra-oforutsedda-handelser-i-eventplanering","status":"publish","type":"post","link":"https:\/\/www.lapalomaevent.com\/sv\/att-bemastra-oforutsedda-handelser-i-eventplanering\/","title":{"rendered":"Planering med syfte: H\u00e5llbara val hos en eventbyr\u00e5 p\u00e5 Mallorca"},"content":{"rendered":"<p>[et_pb_section fb_built=&#8221;1&#8243; admin_label=&#8221;section&#8221; _builder_version=&#8221;4.16&#8243; custom_margin=&#8221;||-2px|||&#8221; custom_padding=&#8221;20px|||||&#8221; global_colors_info=&#8221;{}&#8221;][et_pb_row admin_label=&#8221;row&#8221; _builder_version=&#8221;4.24.2&#8243; background_size=&#8221;initial&#8221; background_position=&#8221;top_left&#8221; background_repeat=&#8221;repeat&#8221; custom_padding=&#8221;|||8px||&#8221; global_colors_info=&#8221;{}&#8221;][et_pb_column type=&#8221;4_4&#8243; _builder_version=&#8221;4.16&#8243; custom_padding=&#8221;|||&#8221; global_colors_info=&#8221;{}&#8221; custom_padding__hover=&#8221;|||&#8221;][et_pb_text admin_label=&#8221;Text&#8221; _builder_version=&#8221;4.24.2&#8243; background_size=&#8221;initial&#8221; background_position=&#8221;top_left&#8221; background_repeat=&#8221;repeat&#8221; hover_enabled=&#8221;0&#8243; global_colors_info=&#8221;{}&#8221; sticky_enabled=&#8221;0&#8243;]<em>Skapa unika event \u2013 utan att tumma p\u00e5 planeten<\/em><\/p>\n<p>P\u00e5 v\u00e5r eventbyr\u00e5 h\u00e4r p\u00e5 Mallorca ser vi <strong>h\u00e5llbarhet inte som en trend<\/strong> \u2013 utan som ett s\u00e4tt att leva. Oavsett om vi planerar en f\u00f6retagskonferens, ett dr\u00f6mbr\u00f6llop eller en mysig middag, f\u00f6rs\u00f6ker vi alltid f\u00e5 in milj\u00f6v\u00e4nliga val i s\u00e5 m\u00e5nga delar som m\u00f6jligt. Sj\u00e4lvklart utan att kompromissa med k\u00e4nsla, kvalitet eller service.<\/p>\n<p>H\u00e4r \u00e4r hur vi planerar med heart \u2013 och en nypa \u00f6-magi.<\/p>\n<h2><a href=\"https:\/\/www.lapalomaevent.com\/sv\/brollop-fodelsedagar-och-speciellt-tillfallen\/\">H\u00e5llbara eventlokaler med charm<\/a><\/h2>\n<p>Vi f\u00e5r ofta fr\u00e5gan: \u201d<em>Kan vi ha ett h\u00e5llbart event utan att kompromissa med platsen?<\/em>\u201d Och svaret \u00e4r: absolut!<\/p>\n<p>Vi har handplockat hotell och <strong>venues p\u00e5 Mallorca som satsar p\u00e5 h\u00e5llbarhet<\/strong> \u2013 allt fr\u00e5n att fasa ut eng\u00e5ngsprodukter till att st\u00f6tta lokala f\u00f6retag och jobba med energieffektiv drift. Samtidigt bjuder dessa platser p\u00e5 den d\u00e4r unika Mallorcak\u00e4nslan som v\u00e5ra kunder \u00e4lskar.[\/et_pb_text][et_pb_image src=&#8221;https:\/\/www.lapalomaevent.com\/wp-content\/uploads\/2025\/03\/Katarina-Birthday-2024-scaled.jpg&#8221; alt=&#8221;Venue Son Veri Mallorca&#8221; title_text=&#8221;Finca Son Veri Mallorca&#8221; url=&#8221;https:\/\/www.lapalomaevent.com\/corporate-events\/&#8221; admin_label=&#8221;Image&#8221; _builder_version=&#8221;4.24.2&#8243; _module_preset=&#8221;default&#8221; width=&#8221;42.9%&#8221; custom_margin=&#8221;|435px||||&#8221; custom_padding=&#8221;|104px||||&#8221; global_colors_info=&#8221;{}&#8221;][\/et_pb_image][\/et_pb_column][\/et_pb_row][et_pb_row admin_label=&#8221;row&#8221; _builder_version=&#8221;4.24.2&#8243; background_size=&#8221;initial&#8221; background_position=&#8221;top_left&#8221; background_repeat=&#8221;repeat&#8221; custom_padding=&#8221;|||8px||&#8221; global_colors_info=&#8221;{}&#8221;][et_pb_column type=&#8221;4_4&#8243; _builder_version=&#8221;4.16&#8243; custom_padding=&#8221;|||&#8221; global_colors_info=&#8221;{}&#8221; custom_padding__hover=&#8221;|||&#8221;][et_pb_text admin_label=&#8221;Text&#8221; _builder_version=&#8221;4.24.2&#8243; background_size=&#8221;initial&#8221; background_position=&#8221;top_left&#8221; background_repeat=&#8221;repeat&#8221; custom_padding=&#8221;8px|||||&#8221; hover_enabled=&#8221;0&#8243; global_colors_info=&#8221;{}&#8221; sticky_enabled=&#8221;0&#8243;]<\/p>\n<h2><a href=\"https:\/\/www.lapalomaevent.com\/sv\/foretagsevent\/\">Mindre matsvinn, mer omtanke<\/a><\/h2>\n<p>Matsvinn \u00e4r ett vanligt problem i eventv\u00e4rlden \u2013 <strong>men det beh\u00f6ver inte vara s\u00e5<\/strong>. Vi samarbetar med lokala cateringteam som kan skapa flexibla menyer baserade p\u00e5 faktiskt antal g\u00e4ster, vilket minskar b\u00e5de svinn och on\u00f6diga kostnader.<\/p>\n<p>Dessutom fokuserar vi p\u00e5 s\u00e4songsanpassade r\u00e5varor och farm-to-table-upplevelser. Resultatet? Riktigt god mat som k\u00e4nns b\u00e5de genuin och h\u00e5llbar \u2013 och som samtidigt st\u00f6ttar Mallorcas matproducenter.<\/p>\n<p>[\/et_pb_text][et_pb_image src=&#8221;https:\/\/www.lapalomaevent.com\/wp-content\/uploads\/2025\/03\/IMG_0936.jpg&#8221; alt=&#8221;Food Waste Mallorca&#8221; title_text=&#8221;Reducing Food Waste&#8221; url=&#8221;https:\/\/www.lapalomaevent.com\/weddings-birthday-celebrations-special-occasions\/&#8221; _builder_version=&#8221;4.24.2&#8243; _module_preset=&#8221;default&#8221; width=&#8221;42.9%&#8221; custom_margin=&#8221;|435px||||&#8221; custom_padding=&#8221;|104px||||&#8221; global_colors_info=&#8221;{}&#8221;][\/et_pb_image][et_pb_text admin_label=&#8221;Text&#8221; _builder_version=&#8221;4.24.2&#8243; background_size=&#8221;initial&#8221; background_position=&#8221;top_left&#8221; background_repeat=&#8221;repeat&#8221; custom_padding=&#8221;8px|||||&#8221; hover_enabled=&#8221;0&#8243; global_colors_info=&#8221;{}&#8221; sticky_enabled=&#8221;0&#8243;]<\/p>\n<h2><a href=\"https:\/\/www.lapalomaevent.com\/sv\/temaresor\/\">Upplevelser n\u00e4ra naturen<\/a><\/h2>\n<p>Vill du att dina g\u00e4ster ska f\u00e5 uppleva Mallorca p\u00e5 riktigt? D\u00e5 har vi massor av tips! Vi \u00e4lskar att\u00a0<strong>planera aktiviteter som tar vara p\u00e5 \u00f6ns naturliga sk\u00f6nhet:<\/strong><\/p>\n<ul>\n<li>Cykelturer till g\u00f6mda platser<\/li>\n<li>Vandringar i naturreservat<\/li>\n<li>Paddleboarding &amp; coasteering f\u00f6r de \u00e4ventyrliga<\/li>\n<li>Vinprovningar p\u00e5 lokala ving\u00e5rdar<\/li>\n<\/ul>\n<p>[\/et_pb_text][et_pb_image src=&#8221;https:\/\/www.lapalomaevent.com\/wp-content\/uploads\/2025\/03\/Cuber-scaled.jpg&#8221; alt=&#8221;Activities Mallorca Cuber&#8221; title_text=&#8221;Eco-Conscious Activities Mallorca&#8221; url=&#8221;https:\/\/www.lapalomaevent.com\/leisure-groups\/&#8221; _builder_version=&#8221;4.24.2&#8243; _module_preset=&#8221;default&#8221; width=&#8221;42.9%&#8221; custom_margin=&#8221;|435px||||&#8221; custom_padding=&#8221;|104px||||&#8221; global_colors_info=&#8221;{}&#8221;][\/et_pb_image][et_pb_text admin_label=&#8221;Text&#8221; _builder_version=&#8221;4.24.2&#8243; background_size=&#8221;initial&#8221; background_position=&#8221;top_left&#8221; background_repeat=&#8221;repeat&#8221; custom_padding=&#8221;8px|||||&#8221; hover_enabled=&#8221;0&#8243; global_colors_info=&#8221;{}&#8221; sticky_enabled=&#8221;0&#8243;]<\/p>\n<p><strong>Event som l\u00e4mnar fina sp\u00e5r \u2013 inte fotavtryck<\/strong><\/p>\n<p>Vi tror att de b\u00e4sta eventen \u00e4r de som inte bara minns \u2013 utan ocks\u00e5 g\u00f6r skillnad. Genom att t\u00e4nka h\u00e5llbart i varje steg skapar vi event som \u00e4r b\u00e5de minnesv\u00e4rda och meningsfulla.<\/p>\n<p>Vill du g\u00f6ra ditt n\u00e4sta event p\u00e5 Mallorca lite gr\u00f6nare \u2013 utan att ge avkall p\u00e5 stil, service eller k\u00e4nsla?<\/p>\n<p><a href=\"https:\/\/www.lapalomaevent.com\/sv\/om-oss\/\">H\u00f6r av dig \u2013 s\u00e5 skapar vi n\u00e5got fint tillsammans!<\/a><\/p>\n<p>[\/et_pb_text][\/et_pb_column][\/et_pb_row][\/et_pb_section]<\/p>\n","protected":false},"excerpt":{"rendered":"<p>Skapa unika event \u2013 utan att tumma p\u00e5 planeten P\u00e5 v\u00e5r eventbyr\u00e5 h\u00e4r p\u00e5 Mallorca ser vi h\u00e5llbarhet inte som en trend \u2013 utan som ett s\u00e4tt att leva. Oavsett om vi planerar en f\u00f6retagskonferens, ett dr\u00f6mbr\u00f6llop eller en mysig middag, f\u00f6rs\u00f6ker vi alltid f\u00e5 in milj\u00f6v\u00e4nliga val i s\u00e5 m\u00e5nga delar som m\u00f6jligt. Sj\u00e4lvklart [&hellip;]<\/p>\n","protected":false},"author":2,"featured_media":13632,"comment_status":"closed","ping_status":"open","sticky":false,"template":"","format":"standard","meta":{"_et_pb_use_builder":"on","_et_pb_old_content":"Att f\u00f6rv\u00e4nta sig det ov\u00e4ntade. Vid planering av ett evenemang kan \u00e4ven de b\u00e4sta planerna st\u00f6ras av of\u00f6rutsedda hinder. Uppt\u00e4ck hur vi hanterar ov\u00e4ntade utmaningar och l\u00e4s v\u00e5ra experttips f\u00f6r att hantera risker och kunna <strong>planera din konferens eller ditt br\u00f6llop med st\u00f6rsta f\u00f6rtroende!<\/strong>\r\n<h2>V\u00e4derproblem<\/h2>\r\nModer natur kan vara of\u00f6ruts\u00e4gbar och bjuda p\u00e5 regn, vindbyar eller br\u00e4nnande hetta. Dessa pl\u00f6tsliga v\u00e4deromslag kan st\u00f6ra ett utomhusarrangemang eller \u00e4ventyra g\u00e4sternas s\u00e4kerhet och komfort. En solig eftermiddag kan snabbt f\u00f6rvandlas till ett skyfall och starka vindar kan f\u00e5 dekorationen att flyga.\r\n\r\nDet \u00e4r d\u00e4rf\u00f6r <strong>vi alltid har en plan B p\u00e5 plats!<\/strong> F\u00f6r MICE-evenemang eller br\u00f6llop utomhus hyr vi stadiga t\u00e4lt eller ordnar en reservlokal inomhus, samt ser till att g\u00e4sterna har det bekv\u00e4mt med paraplyer eller dryckesstationer n\u00e4r det beh\u00f6vs. Vi h\u00e5ller ett vakande \u00f6ga p\u00e5 v\u00e4derprognoserna, men \u00e4nnu viktigare \u00e4r att vi \u00e4r proaktiva och anpassningsbara, s\u00e5 att ingen storm tar oss p\u00e5 s\u00e4ngen.\r\n\r\n<img class=\"alignnone wp-image-13566\" src=\"https:\/\/www.lapalomaevent.com\/wp-content\/uploads\/2025\/02\/Plan-B-Event-Planning-2-300x169.jpg\" alt=\"Plan B Event Planning\" width=\"320\" height=\"180\" \/>\r\n<h2>Flygf\u00f6rseningar<\/h2>\r\nFlygf\u00f6rseningar och inst\u00e4llda flyg \u00e4r en av de st\u00f6rsta utmaningarna vid planering av f\u00f6retagsevenemang. Som eventplanerare specialiserade p\u00e5 MICE vet vi att resest\u00f6rningar kan kasta omkull ett noggrant planerat schema. Vi har sett viktiga talare fastna i ov\u00e4ntade mellanlandningar, VIP-g\u00e4ster som missar sina anslutningar och sista minuten-avbokningar som tvingar oss att \u00e4ndra planer.\r\n\r\nS\u00e5 hur hanterar vi det? F\u00f6r det f\u00f6rsta l\u00e4gger<strong> vi in bufferttid i planerna f\u00f6r att ta h\u00e4nsyn till eventuella f\u00f6rseningar.<\/strong> Vi har ocks\u00e5 en n\u00e4ra kommunikation med v\u00e5ra partners f\u00f6r att h\u00e5lla oss och dem uppdaterade om eventuella \u00e4ndringar. F\u00f6r f\u00f6retagsresor, d\u00e4r timing \u00e4r viktigt, ser vi till att det finns ett standby-team som \u00e4r redo att hoppa in vid behov.\r\n\r\n<img class=\"alignnone wp-image-13568\" src=\"https:\/\/www.lapalomaevent.com\/wp-content\/uploads\/2025\/02\/Contingency-Plan-1-300x194.jpeg\" alt=\"Contingency Events\" width=\"323\" height=\"209\" \/>\r\n<h2>Avbokningar fr\u00e5n leverant\u00f6rer<\/h2>\r\nB\u00e5de vid planering av f\u00f6retagsevent och br\u00f6llop kan en avbokning fr\u00e5n en leverant\u00f6r i sista minuten k\u00e4nnas som en mardr\u00f6m. Oavsett om det \u00e4r en restaurang, DJ, florist eller fotograf som backar ut, kan dessa st\u00f6rningar ha stor inverkan p\u00e5 upplevelsen. N\u00e4r du planerar ett f\u00f6retagsevent kan dessa problem st\u00f6ra fl\u00f6det av en konferens eller galamiddag. F\u00f6r ett br\u00f6llop kan det l\u00e4gga till on\u00f6dig stress till en redan k\u00e4nslom\u00e4ssig dag.\r\n\r\nDet \u00e4r d\u00e4rf\u00f6r vi alltid har en beredskapsplan redo att anv\u00e4ndas!<strong> Vi odlar ett starkt n\u00e4tverk av p\u00e5litliga leverant\u00f6rer inom branschen,<\/strong> som kan hoppa in med kort varsel och d\u00e4rmed s\u00e4kerst\u00e4lla att kvaliteten och g\u00e4stupplevelsen aldrig \u00e4ventyras. Tydlig kommunikation \u00e4r A och O - vi \u00e4r tydliga med v\u00e5ra och era f\u00f6rv\u00e4ntningar p\u00e5 f\u00f6rhand och har avtal som detaljerar avbokningsregler.\r\n<h2><img class=\"alignnone wp-image-13570\" src=\"https:\/\/www.lapalomaevent.com\/wp-content\/uploads\/2025\/02\/Supplier-Event-1-300x200.jpg\" alt=\"Supplier Event Planning\" width=\"320\" height=\"213\" \/><\/h2>\r\nF\u00f6r framg\u00e5ngsrika f\u00f6retagsevent och br\u00f6llop kr\u00e4vs mer \u00e4n bara noggrann planering - det kr\u00e4vs anpassningsf\u00f6rm\u00e5ga, snabbt t\u00e4nkande och en bra reservstrategi. V\u00e5rt jobb handlar inte bara om planering, <strong>det handlar om probleml\u00f6sning.<\/strong> Genom att hantera \u00e4ndringar i sista minuten med sj\u00e4lvf\u00f6rtroende och kreativitet garanterar vi att varje evenemang vi organiserar l\u00f6per smidigt, oavsett vilka \u00f6verraskningar som dyker upp. P\u00e5 La Paloma Event \u00e4r vi alltid redo att s\u00e4kerst\u00e4lla att allt g\u00e5r smidigt och att v\u00e5ra kunder och deras g\u00e4ster f\u00e5r en of\u00f6rgl\u00f6mlig upplevelse.\r\n\r\n\u00a0","_et_gb_content_width":"","om_disable_all_campaigns":false,"_monsterinsights_skip_tracking":false,"_monsterinsights_sitenote_active":false,"_monsterinsights_sitenote_note":"","_monsterinsights_sitenote_category":0,"footnotes":""},"categories":[8],"tags":[],"class_list":["post-13593","post","type-post","status-publish","format-standard","has-post-thumbnail","hentry","category-okategoriserad"],"yoast_head":"<!-- This site is optimized with the Yoast SEO plugin v27.4 - https:\/\/yoast.com\/product\/yoast-seo-wordpress\/ -->\n<title>Skapa unika event \u2013 utan att tumma p\u00e5 planeten<\/title>\n<meta name=\"description\" content=\"P\u00e5 v\u00e5r eventbyr\u00e5 h\u00e4r p\u00e5 Mallorca ser vi h\u00e5llbarhet inte som en trend \u2013 utan som ett s\u00e4tt att leva. Oavsett om vi planerar en f\u00f6retagskonferens, ett dr\u00f6mbr\u00f6llop eller en mysig middag, f\u00f6rs\u00f6ker vi alltid f\u00e5 in milj\u00f6v\u00e4nliga val i s\u00e5 m\u00e5nga delar som m\u00f6jligt.\" \/>\n<meta name=\"robots\" content=\"index, follow, max-snippet:-1, max-image-preview:large, max-video-preview:-1\" \/>\n<link rel=\"canonical\" href=\"https:\/\/www.lapalomaevent.com\/sv\/att-bemastra-oforutsedda-handelser-i-eventplanering\/\" \/>\n<meta property=\"og:locale\" content=\"sv_SE\" \/>\n<meta property=\"og:type\" content=\"article\" \/>\n<meta property=\"og:title\" content=\"Skapa unika event \u2013 utan att tumma p\u00e5 planeten\" \/>\n<meta property=\"og:description\" content=\"P\u00e5 v\u00e5r eventbyr\u00e5 h\u00e4r p\u00e5 Mallorca ser vi h\u00e5llbarhet inte som en trend \u2013 utan som ett s\u00e4tt att leva. Oavsett om vi planerar en f\u00f6retagskonferens, ett dr\u00f6mbr\u00f6llop eller en mysig middag, f\u00f6rs\u00f6ker vi alltid f\u00e5 in milj\u00f6v\u00e4nliga val i s\u00e5 m\u00e5nga delar som m\u00f6jligt.\" \/>\n<meta property=\"og:url\" content=\"https:\/\/www.lapalomaevent.com\/sv\/att-bemastra-oforutsedda-handelser-i-eventplanering\/\" \/>\n<meta property=\"og:site_name\" content=\"La Paloma Event\" \/>\n<meta property=\"article:published_time\" content=\"2025-04-15T09:48:52+00:00\" \/>\n<meta property=\"article:modified_time\" content=\"2025-05-26T06:57:45+00:00\" \/>\n<meta property=\"og:image\" content=\"https:\/\/www.lapalomaevent.com\/wp-content\/uploads\/2025\/03\/WhatsApp-Image-2024-04-14-at-16.36.08-3.jpeg\" \/>\n\t<meta property=\"og:image:width\" content=\"1600\" \/>\n\t<meta property=\"og:image:height\" content=\"1200\" \/>\n\t<meta property=\"og:image:type\" content=\"image\/jpeg\" \/>\n<meta name=\"author\" content=\"Victor Appelqvist\" \/>\n<meta name=\"twitter:card\" content=\"summary_large_image\" \/>\n<meta name=\"twitter:label1\" content=\"Skriven av\" \/>\n\t<meta name=\"twitter:data1\" content=\"Victor Appelqvist\" \/>\n\t<meta name=\"twitter:label2\" content=\"Ber\u00e4knad l\u00e4stid\" \/>\n\t<meta name=\"twitter:data2\" content=\"3 minuter\" \/>\n<script type=\"application\/ld+json\" class=\"yoast-schema-graph\">{\"@context\":\"https:\\\/\\\/schema.org\",\"@graph\":[{\"@type\":\"Article\",\"@id\":\"https:\\\/\\\/www.lapalomaevent.com\\\/sv\\\/att-bemastra-oforutsedda-handelser-i-eventplanering\\\/#article\",\"isPartOf\":{\"@id\":\"https:\\\/\\\/www.lapalomaevent.com\\\/sv\\\/att-bemastra-oforutsedda-handelser-i-eventplanering\\\/\"},\"author\":{\"name\":\"Victor Appelqvist\",\"@id\":\"https:\\\/\\\/www.lapalomaevent.com\\\/sv\\\/#\\\/schema\\\/person\\\/e4577b6b9588a73f05a552fa217a23b4\"},\"headline\":\"Planering med syfte: H\u00e5llbara val hos en eventbyr\u00e5 p\u00e5 Mallorca\",\"datePublished\":\"2025-04-15T09:48:52+00:00\",\"dateModified\":\"2025-05-26T06:57:45+00:00\",\"mainEntityOfPage\":{\"@id\":\"https:\\\/\\\/www.lapalomaevent.com\\\/sv\\\/att-bemastra-oforutsedda-handelser-i-eventplanering\\\/\"},\"wordCount\":758,\"image\":{\"@id\":\"https:\\\/\\\/www.lapalomaevent.com\\\/sv\\\/att-bemastra-oforutsedda-handelser-i-eventplanering\\\/#primaryimage\"},\"thumbnailUrl\":\"https:\\\/\\\/www.lapalomaevent.com\\\/wp-content\\\/uploads\\\/2025\\\/03\\\/WhatsApp-Image-2024-04-14-at-16.36.08-3.jpeg\",\"articleSection\":[\"Okategoriserad\"],\"inLanguage\":\"sv-SE\"},{\"@type\":\"WebPage\",\"@id\":\"https:\\\/\\\/www.lapalomaevent.com\\\/sv\\\/att-bemastra-oforutsedda-handelser-i-eventplanering\\\/\",\"url\":\"https:\\\/\\\/www.lapalomaevent.com\\\/sv\\\/att-bemastra-oforutsedda-handelser-i-eventplanering\\\/\",\"name\":\"Skapa unika event \u2013 utan att tumma p\u00e5 planeten\",\"isPartOf\":{\"@id\":\"https:\\\/\\\/www.lapalomaevent.com\\\/sv\\\/#website\"},\"primaryImageOfPage\":{\"@id\":\"https:\\\/\\\/www.lapalomaevent.com\\\/sv\\\/att-bemastra-oforutsedda-handelser-i-eventplanering\\\/#primaryimage\"},\"image\":{\"@id\":\"https:\\\/\\\/www.lapalomaevent.com\\\/sv\\\/att-bemastra-oforutsedda-handelser-i-eventplanering\\\/#primaryimage\"},\"thumbnailUrl\":\"https:\\\/\\\/www.lapalomaevent.com\\\/wp-content\\\/uploads\\\/2025\\\/03\\\/WhatsApp-Image-2024-04-14-at-16.36.08-3.jpeg\",\"datePublished\":\"2025-04-15T09:48:52+00:00\",\"dateModified\":\"2025-05-26T06:57:45+00:00\",\"author\":{\"@id\":\"https:\\\/\\\/www.lapalomaevent.com\\\/sv\\\/#\\\/schema\\\/person\\\/e4577b6b9588a73f05a552fa217a23b4\"},\"description\":\"P\u00e5 v\u00e5r eventbyr\u00e5 h\u00e4r p\u00e5 Mallorca ser vi h\u00e5llbarhet inte som en trend \u2013 utan som ett s\u00e4tt att leva. Oavsett om vi planerar en f\u00f6retagskonferens, ett dr\u00f6mbr\u00f6llop eller en mysig middag, f\u00f6rs\u00f6ker vi alltid f\u00e5 in milj\u00f6v\u00e4nliga val i s\u00e5 m\u00e5nga delar som m\u00f6jligt.\",\"breadcrumb\":{\"@id\":\"https:\\\/\\\/www.lapalomaevent.com\\\/sv\\\/att-bemastra-oforutsedda-handelser-i-eventplanering\\\/#breadcrumb\"},\"inLanguage\":\"sv-SE\",\"potentialAction\":[{\"@type\":\"ReadAction\",\"target\":[\"https:\\\/\\\/www.lapalomaevent.com\\\/sv\\\/att-bemastra-oforutsedda-handelser-i-eventplanering\\\/\"]}]},{\"@type\":\"ImageObject\",\"inLanguage\":\"sv-SE\",\"@id\":\"https:\\\/\\\/www.lapalomaevent.com\\\/sv\\\/att-bemastra-oforutsedda-handelser-i-eventplanering\\\/#primaryimage\",\"url\":\"https:\\\/\\\/www.lapalomaevent.com\\\/wp-content\\\/uploads\\\/2025\\\/03\\\/WhatsApp-Image-2024-04-14-at-16.36.08-3.jpeg\",\"contentUrl\":\"https:\\\/\\\/www.lapalomaevent.com\\\/wp-content\\\/uploads\\\/2025\\\/03\\\/WhatsApp-Image-2024-04-14-at-16.36.08-3.jpeg\",\"width\":1600,\"height\":1200,\"caption\":\"Sustainability\"},{\"@type\":\"BreadcrumbList\",\"@id\":\"https:\\\/\\\/www.lapalomaevent.com\\\/sv\\\/att-bemastra-oforutsedda-handelser-i-eventplanering\\\/#breadcrumb\",\"itemListElement\":[{\"@type\":\"ListItem\",\"position\":1,\"name\":\"Hem\",\"item\":\"https:\\\/\\\/www.lapalomaevent.com\\\/sv\\\/\"},{\"@type\":\"ListItem\",\"position\":2,\"name\":\"Planering med syfte: H\u00e5llbara val hos en eventbyr\u00e5 p\u00e5 Mallorca\"}]},{\"@type\":\"WebSite\",\"@id\":\"https:\\\/\\\/www.lapalomaevent.com\\\/sv\\\/#website\",\"url\":\"https:\\\/\\\/www.lapalomaevent.com\\\/sv\\\/\",\"name\":\"La Paloma Event\",\"description\":\"We believe that you are unique!\",\"potentialAction\":[{\"@type\":\"SearchAction\",\"target\":{\"@type\":\"EntryPoint\",\"urlTemplate\":\"https:\\\/\\\/www.lapalomaevent.com\\\/sv\\\/?s={search_term_string}\"},\"query-input\":{\"@type\":\"PropertyValueSpecification\",\"valueRequired\":true,\"valueName\":\"search_term_string\"}}],\"inLanguage\":\"sv-SE\"},{\"@type\":\"Person\",\"@id\":\"https:\\\/\\\/www.lapalomaevent.com\\\/sv\\\/#\\\/schema\\\/person\\\/e4577b6b9588a73f05a552fa217a23b4\",\"name\":\"Victor Appelqvist\",\"image\":{\"@type\":\"ImageObject\",\"inLanguage\":\"sv-SE\",\"@id\":\"https:\\\/\\\/secure.gravatar.com\\\/avatar\\\/7b9ed9246cdad1ffa2e60eef534a91a3276097a635378fcd5822e642c7ce455b?s=96&d=mm&r=g\",\"url\":\"https:\\\/\\\/secure.gravatar.com\\\/avatar\\\/7b9ed9246cdad1ffa2e60eef534a91a3276097a635378fcd5822e642c7ce455b?s=96&d=mm&r=g\",\"contentUrl\":\"https:\\\/\\\/secure.gravatar.com\\\/avatar\\\/7b9ed9246cdad1ffa2e60eef534a91a3276097a635378fcd5822e642c7ce455b?s=96&d=mm&r=g\",\"caption\":\"Victor Appelqvist\"},\"url\":\"https:\\\/\\\/www.lapalomaevent.com\\\/sv\\\/author\\\/victor\\\/\"}]}<\/script>\n<!-- \/ Yoast SEO plugin. -->","yoast_head_json":{"title":"Skapa unika event \u2013 utan att tumma p\u00e5 planeten","description":"P\u00e5 v\u00e5r eventbyr\u00e5 h\u00e4r p\u00e5 Mallorca ser vi h\u00e5llbarhet inte som en trend \u2013 utan som ett s\u00e4tt att leva. Oavsett om vi planerar en f\u00f6retagskonferens, ett dr\u00f6mbr\u00f6llop eller en mysig middag, f\u00f6rs\u00f6ker vi alltid f\u00e5 in milj\u00f6v\u00e4nliga val i s\u00e5 m\u00e5nga delar som m\u00f6jligt.","robots":{"index":"index","follow":"follow","max-snippet":"max-snippet:-1","max-image-preview":"max-image-preview:large","max-video-preview":"max-video-preview:-1"},"canonical":"https:\/\/www.lapalomaevent.com\/sv\/att-bemastra-oforutsedda-handelser-i-eventplanering\/","og_locale":"sv_SE","og_type":"article","og_title":"Skapa unika event \u2013 utan att tumma p\u00e5 planeten","og_description":"P\u00e5 v\u00e5r eventbyr\u00e5 h\u00e4r p\u00e5 Mallorca ser vi h\u00e5llbarhet inte som en trend \u2013 utan som ett s\u00e4tt att leva. Oavsett om vi planerar en f\u00f6retagskonferens, ett dr\u00f6mbr\u00f6llop eller en mysig middag, f\u00f6rs\u00f6ker vi alltid f\u00e5 in milj\u00f6v\u00e4nliga val i s\u00e5 m\u00e5nga delar som m\u00f6jligt.","og_url":"https:\/\/www.lapalomaevent.com\/sv\/att-bemastra-oforutsedda-handelser-i-eventplanering\/","og_site_name":"La Paloma Event","article_published_time":"2025-04-15T09:48:52+00:00","article_modified_time":"2025-05-26T06:57:45+00:00","og_image":[{"width":1600,"height":1200,"url":"https:\/\/www.lapalomaevent.com\/wp-content\/uploads\/2025\/03\/WhatsApp-Image-2024-04-14-at-16.36.08-3.jpeg","type":"image\/jpeg"}],"author":"Victor Appelqvist","twitter_card":"summary_large_image","twitter_misc":{"Skriven av":"Victor Appelqvist","Ber\u00e4knad l\u00e4stid":"3 minuter"},"schema":{"@context":"https:\/\/schema.org","@graph":[{"@type":"Article","@id":"https:\/\/www.lapalomaevent.com\/sv\/att-bemastra-oforutsedda-handelser-i-eventplanering\/#article","isPartOf":{"@id":"https:\/\/www.lapalomaevent.com\/sv\/att-bemastra-oforutsedda-handelser-i-eventplanering\/"},"author":{"name":"Victor Appelqvist","@id":"https:\/\/www.lapalomaevent.com\/sv\/#\/schema\/person\/e4577b6b9588a73f05a552fa217a23b4"},"headline":"Planering med syfte: H\u00e5llbara val hos en eventbyr\u00e5 p\u00e5 Mallorca","datePublished":"2025-04-15T09:48:52+00:00","dateModified":"2025-05-26T06:57:45+00:00","mainEntityOfPage":{"@id":"https:\/\/www.lapalomaevent.com\/sv\/att-bemastra-oforutsedda-handelser-i-eventplanering\/"},"wordCount":758,"image":{"@id":"https:\/\/www.lapalomaevent.com\/sv\/att-bemastra-oforutsedda-handelser-i-eventplanering\/#primaryimage"},"thumbnailUrl":"https:\/\/www.lapalomaevent.com\/wp-content\/uploads\/2025\/03\/WhatsApp-Image-2024-04-14-at-16.36.08-3.jpeg","articleSection":["Okategoriserad"],"inLanguage":"sv-SE"},{"@type":"WebPage","@id":"https:\/\/www.lapalomaevent.com\/sv\/att-bemastra-oforutsedda-handelser-i-eventplanering\/","url":"https:\/\/www.lapalomaevent.com\/sv\/att-bemastra-oforutsedda-handelser-i-eventplanering\/","name":"Skapa unika event \u2013 utan att tumma p\u00e5 planeten","isPartOf":{"@id":"https:\/\/www.lapalomaevent.com\/sv\/#website"},"primaryImageOfPage":{"@id":"https:\/\/www.lapalomaevent.com\/sv\/att-bemastra-oforutsedda-handelser-i-eventplanering\/#primaryimage"},"image":{"@id":"https:\/\/www.lapalomaevent.com\/sv\/att-bemastra-oforutsedda-handelser-i-eventplanering\/#primaryimage"},"thumbnailUrl":"https:\/\/www.lapalomaevent.com\/wp-content\/uploads\/2025\/03\/WhatsApp-Image-2024-04-14-at-16.36.08-3.jpeg","datePublished":"2025-04-15T09:48:52+00:00","dateModified":"2025-05-26T06:57:45+00:00","author":{"@id":"https:\/\/www.lapalomaevent.com\/sv\/#\/schema\/person\/e4577b6b9588a73f05a552fa217a23b4"},"description":"P\u00e5 v\u00e5r eventbyr\u00e5 h\u00e4r p\u00e5 Mallorca ser vi h\u00e5llbarhet inte som en trend \u2013 utan som ett s\u00e4tt att leva. Oavsett om vi planerar en f\u00f6retagskonferens, ett dr\u00f6mbr\u00f6llop eller en mysig middag, f\u00f6rs\u00f6ker vi alltid f\u00e5 in milj\u00f6v\u00e4nliga val i s\u00e5 m\u00e5nga delar som m\u00f6jligt.","breadcrumb":{"@id":"https:\/\/www.lapalomaevent.com\/sv\/att-bemastra-oforutsedda-handelser-i-eventplanering\/#breadcrumb"},"inLanguage":"sv-SE","potentialAction":[{"@type":"ReadAction","target":["https:\/\/www.lapalomaevent.com\/sv\/att-bemastra-oforutsedda-handelser-i-eventplanering\/"]}]},{"@type":"ImageObject","inLanguage":"sv-SE","@id":"https:\/\/www.lapalomaevent.com\/sv\/att-bemastra-oforutsedda-handelser-i-eventplanering\/#primaryimage","url":"https:\/\/www.lapalomaevent.com\/wp-content\/uploads\/2025\/03\/WhatsApp-Image-2024-04-14-at-16.36.08-3.jpeg","contentUrl":"https:\/\/www.lapalomaevent.com\/wp-content\/uploads\/2025\/03\/WhatsApp-Image-2024-04-14-at-16.36.08-3.jpeg","width":1600,"height":1200,"caption":"Sustainability"},{"@type":"BreadcrumbList","@id":"https:\/\/www.lapalomaevent.com\/sv\/att-bemastra-oforutsedda-handelser-i-eventplanering\/#breadcrumb","itemListElement":[{"@type":"ListItem","position":1,"name":"Hem","item":"https:\/\/www.lapalomaevent.com\/sv\/"},{"@type":"ListItem","position":2,"name":"Planering med syfte: H\u00e5llbara val hos en eventbyr\u00e5 p\u00e5 Mallorca"}]},{"@type":"WebSite","@id":"https:\/\/www.lapalomaevent.com\/sv\/#website","url":"https:\/\/www.lapalomaevent.com\/sv\/","name":"La Paloma Event","description":"We believe that you are unique!","potentialAction":[{"@type":"SearchAction","target":{"@type":"EntryPoint","urlTemplate":"https:\/\/www.lapalomaevent.com\/sv\/?s={search_term_string}"},"query-input":{"@type":"PropertyValueSpecification","valueRequired":true,"valueName":"search_term_string"}}],"inLanguage":"sv-SE"},{"@type":"Person","@id":"https:\/\/www.lapalomaevent.com\/sv\/#\/schema\/person\/e4577b6b9588a73f05a552fa217a23b4","name":"Victor Appelqvist","image":{"@type":"ImageObject","inLanguage":"sv-SE","@id":"https:\/\/secure.gravatar.com\/avatar\/7b9ed9246cdad1ffa2e60eef534a91a3276097a635378fcd5822e642c7ce455b?s=96&d=mm&r=g","url":"https:\/\/secure.gravatar.com\/avatar\/7b9ed9246cdad1ffa2e60eef534a91a3276097a635378fcd5822e642c7ce455b?s=96&d=mm&r=g","contentUrl":"https:\/\/secure.gravatar.com\/avatar\/7b9ed9246cdad1ffa2e60eef534a91a3276097a635378fcd5822e642c7ce455b?s=96&d=mm&r=g","caption":"Victor Appelqvist"},"url":"https:\/\/www.lapalomaevent.com\/sv\/author\/victor\/"}]}},"_links":{"self":[{"href":"https:\/\/www.lapalomaevent.com\/sv\/wp-json\/wp\/v2\/posts\/13593","targetHints":{"allow":["GET"]}}],"collection":[{"href":"https:\/\/www.lapalomaevent.com\/sv\/wp-json\/wp\/v2\/posts"}],"about":[{"href":"https:\/\/www.lapalomaevent.com\/sv\/wp-json\/wp\/v2\/types\/post"}],"author":[{"embeddable":true,"href":"https:\/\/www.lapalomaevent.com\/sv\/wp-json\/wp\/v2\/users\/2"}],"replies":[{"embeddable":true,"href":"https:\/\/www.lapalomaevent.com\/sv\/wp-json\/wp\/v2\/comments?post=13593"}],"version-history":[{"count":8,"href":"https:\/\/www.lapalomaevent.com\/sv\/wp-json\/wp\/v2\/posts\/13593\/revisions"}],"predecessor-version":[{"id":13697,"href":"https:\/\/www.lapalomaevent.com\/sv\/wp-json\/wp\/v2\/posts\/13593\/revisions\/13697"}],"wp:featuredmedia":[{"embeddable":true,"href":"https:\/\/www.lapalomaevent.com\/sv\/wp-json\/wp\/v2\/media\/13632"}],"wp:attachment":[{"href":"https:\/\/www.lapalomaevent.com\/sv\/wp-json\/wp\/v2\/media?parent=13593"}],"wp:term":[{"taxonomy":"category","embeddable":true,"href":"https:\/\/www.lapalomaevent.com\/sv\/wp-json\/wp\/v2\/categories?post=13593"},{"taxonomy":"post_tag","embeddable":true,"href":"https:\/\/www.lapalomaevent.com\/sv\/wp-json\/wp\/v2\/tags?post=13593"}],"curies":[{"name":"wp","href":"https:\/\/api.w.org\/{rel}","templated":true}]}}