{"id":13763,"date":"2025-07-17T15:15:19","date_gmt":"2025-07-17T13:15:19","guid":{"rendered":"https:\/\/www.lapalomaevent.com\/?p=13763"},"modified":"2025-07-21T16:47:37","modified_gmt":"2025-07-21T14:47:37","slug":"att-bemastra-oforutsedda-handelser-i-eventplanering-3","status":"publish","type":"post","link":"https:\/\/www.lapalomaevent.com\/sv\/att-bemastra-oforutsedda-handelser-i-eventplanering-3\/","title":{"rendered":"Mindre event, st\u00f6rre intryck: varf\u00f6r det lilla formatet g\u00f6r skillnad"},"content":{"rendered":"<p>[et_pb_section fb_built=&#8221;1&#8243; admin_label=&#8221;section&#8221; _builder_version=&#8221;4.16&#8243; global_colors_info=&#8221;{}&#8221;][et_pb_row admin_label=&#8221;row&#8221; _builder_version=&#8221;4.16&#8243; background_size=&#8221;initial&#8221; background_position=&#8221;top_left&#8221; background_repeat=&#8221;repeat&#8221; global_colors_info=&#8221;{}&#8221; custom_padding=&#8221;1px|||||&#8221;][et_pb_column type=&#8221;4_4&#8243; _builder_version=&#8221;4.16&#8243; custom_padding=&#8221;|||&#8221; global_colors_info=&#8221;{}&#8221; custom_padding__hover=&#8221;|||&#8221;][et_pb_text admin_label=&#8221;Text&#8221; _builder_version=&#8221;4.16&#8243; background_size=&#8221;initial&#8221; background_position=&#8221;top_left&#8221; background_repeat=&#8221;repeat&#8221; global_colors_info=&#8221;{}&#8221;]<\/p>\n<p>P\u00e5 senare tid har vi m\u00e4rkt n\u00e5got intressant h\u00e4r p\u00e5 La Paloma Event: Allt fler av v\u00e5ra kunder v\u00e4ljer bort de stora, storslagna produktionerna \u2013 och s\u00f6ker sig i st\u00e4llet till n\u00e5got mer intimt.<\/p>\n<p>Det p\u00e5g\u00e5r ett skifte. M\u00e4nniskor l\u00e4ngtar efter \u00e4kthet, n\u00e4rvaro och upplevelser som k\u00e4nns p\u00e5 riktigt. Det handlar inte l\u00e4ngre om hur stort n\u00e5got \u00e4r \u2013 utan om hur meningsfullt det k\u00e4nns.<\/p>\n<p>[\/et_pb_text][et_pb_text admin_label=&#8221;Text&#8221; _builder_version=&#8221;4.16&#8243; background_size=&#8221;initial&#8221; background_position=&#8221;top_left&#8221; background_repeat=&#8221;repeat&#8221; global_colors_info=&#8221;{}&#8221;]<\/p>\n<p><strong>Kraften i det personliga<\/strong><\/p>\n<p>N\u00e4r vi jobbar med mindre event finns det ofta mer utrymme f\u00f6r det d\u00e4r lilla extra \u2013 detaljerna som g\u00f6r allt.<\/p>\n<p>Oavsett om det g\u00e4ller en privat middag, en produktlansering eller en exklusiv incentive-resa, s\u00e5 skapar det lilla formatet frihet att utforma n\u00e5got unikt:<br \/>Din ber\u00e4ttelse, din vision och alla de genomt\u00e4nkta elementen som f\u00e5r g\u00e4sterna att k\u00e4nna:\u00a0<em>\u201cWow \u2013 de har t\u00e4nkt p\u00e5 allt.\u201d<\/em>\u00a0<\/p>\n<p>[\/et_pb_text][et_pb_image src=&#8221;https:\/\/www.lapalomaevent.com\/wp-content\/uploads\/2025\/03\/Violeta-Minnick-Photography-800-scaled.jpg&#8221; _builder_version=&#8221;4.24.2&#8243; _module_preset=&#8221;default&#8221; alt=&#8221;Wedding Decoration&#8221; title_text=&#8221;Personalisation Events&#8221; align=&#8221;center&#8221; width=&#8221;33%&#8221; hover_enabled=&#8221;0&#8243; sticky_enabled=&#8221;0&#8243;][\/et_pb_image][et_pb_text admin_label=&#8221;Text&#8221; _builder_version=&#8221;4.16&#8243; background_size=&#8221;initial&#8221; background_position=&#8221;top_left&#8221; background_repeat=&#8221;repeat&#8221; global_colors_info=&#8221;{}&#8221;]<\/p>\n<p><strong>N\u00e4rvaro framf\u00f6r yta<\/strong><\/p>\n<p>Stora event har absolut sin plats. Men n\u00e4r man \u00e4r ett ansikte bland hundratals, kan det vara sv\u00e5rt att skapa genuin kontakt.Mindre sammankomster ger plats f\u00f6r samtal, f\u00f6r id\u00e9utbyte \u2013 och f\u00f6r verkliga relationer.<\/p>\n<p>Oavsett om det sker \u00f6ver en gemensam middag, en avslappnad workshop eller en vandring i naturen, s\u00e5 \u00e4r det ofta i de sm\u00e5 m\u00f6tena som det verkligt stora sker.<\/p>\n<p>[\/et_pb_text][et_pb_image src=&#8221;https:\/\/www.lapalomaevent.com\/wp-content\/uploads\/2025\/07\/WhatsApp-Image-2025-07-08-at-13.44.05.jpeg&#8221; _builder_version=&#8221;4.24.2&#8243; _module_preset=&#8221;default&#8221; alt=&#8221;Connections Event Planner&#8221; title_text=&#8221;Connections Wedding&#8221; align=&#8221;center&#8221; width=&#8221;33%&#8221; hover_enabled=&#8221;0&#8243; sticky_enabled=&#8221;0&#8243;][\/et_pb_image][et_pb_text admin_label=&#8221;Text&#8221; _builder_version=&#8221;4.16&#8243; background_size=&#8221;initial&#8221; background_position=&#8221;top_left&#8221; background_repeat=&#8221;repeat&#8221; global_colors_info=&#8221;{}&#8221;]<\/p>\n<p><strong>Kreativ frihet och flexibilitet<\/strong><\/p>\n<p>En annan f\u00f6rdel med mindre event? Du kan vara mer kreativ. Det \u00e4r enklare att testa id\u00e9er, t\u00e4nka fritt och anpassa sig l\u00e4ngs v\u00e4gen. H\u00e4r finns utrymme f\u00f6r att experimentera \u2013 och skapa n\u00e5got som k\u00e4nns levande och levande\u00a0<em>p\u00e5 riktigt<\/em>.\u00a0<\/p>\n<p>[\/et_pb_text][et_pb_image src=&#8221;https:\/\/www.lapalomaevent.com\/wp-content\/uploads\/2025\/02\/Supplier-Events.jpeg&#8221; _builder_version=&#8221;4.24.2&#8243; _module_preset=&#8221;default&#8221; alt=&#8221;Flexibility&#8221; title_text=&#8221;Event Planner&#8221; align=&#8221;center&#8221; width=&#8221;33%&#8221; hover_enabled=&#8221;0&#8243; sticky_enabled=&#8221;0&#8243;][\/et_pb_image][et_pb_text admin_label=&#8221;Text&#8221; _builder_version=&#8221;4.16&#8243; background_size=&#8221;initial&#8221; background_position=&#8221;top_left&#8221; background_repeat=&#8221;repeat&#8221; global_colors_info=&#8221;{}&#8221;]<\/p>\n<p><strong>Mer h\u00e5llbart \u2013 p\u00e5 flera plan<\/strong><\/p>\n<h2><\/h2>\n<p>Mindre event inneb\u00e4r ofta ett l\u00e4ttare avtryck \u2013 b\u00e5de milj\u00f6m\u00e4ssigt och logistiskt.<br \/>F\u00e4rre deltagare g\u00f6r det l\u00e4ttare att minimera svinn, samarbeta med lokala akt\u00f6rer och skapa upplevelser med omtanke.<\/p>\n<p>Det blir enklare att v\u00e4lja medvetet \u2013 och g\u00f6ra skillnad p\u00e5 riktigt.<\/p>\n<p>[\/et_pb_text][et_pb_image src=&#8221;https:\/\/www.lapalomaevent.com\/wp-content\/uploads\/2024\/10\/leisure-groups03-2.jpg&#8221; _builder_version=&#8221;4.24.2&#8243; _module_preset=&#8221;default&#8221; alt=&#8221;Sustainability&#8221; title_text=&#8221;Sustainability&#8221; align=&#8221;center&#8221; width=&#8221;33%&#8221; hover_enabled=&#8221;0&#8243; sticky_enabled=&#8221;0&#8243;][\/et_pb_image][et_pb_text admin_label=&#8221;Text&#8221; _builder_version=&#8221;4.16&#8243; background_size=&#8221;initial&#8221; background_position=&#8221;top_left&#8221; background_repeat=&#8221;repeat&#8221; global_colors_info=&#8221;{}&#8221;]<\/p>\n<p><strong>En ny sorts lyx<\/strong><\/p>\n<p>S\u00e5 ja \u2013 mindre event har verkligen sin stund just nu. Men vi tror inte att det bara \u00e4r en trend. Vi ser det som ett skifte mot n\u00e5got djupare.<\/p>\n<p>En ny sorts lyx d\u00e4r det handlar om k\u00e4nsla framf\u00f6r form, kvalitet framf\u00f6r kvantitet \u2013 och d\u00e4r varje val \u00e4r gjort med hj\u00e4rta. P\u00e5 La Paloma Event tror vi att de mest minnesv\u00e4rda upplevelserna inte beh\u00f6ver vara st\u00f6rst. Bara mest genuina.<\/p>\n<p>&nbsp;<\/p>\n<p>[\/et_pb_text][\/et_pb_column][\/et_pb_row][\/et_pb_section]<\/p>\n","protected":false},"excerpt":{"rendered":"<p>P\u00e5 senare tid har vi m\u00e4rkt n\u00e5got intressant h\u00e4r p\u00e5 La Paloma Event: Allt fler av v\u00e5ra kunder v\u00e4ljer bort de stora, storslagna produktionerna \u2013 och s\u00f6ker sig i st\u00e4llet till n\u00e5got mer intimt. Det p\u00e5g\u00e5r ett skifte. M\u00e4nniskor l\u00e4ngtar efter \u00e4kthet, n\u00e4rvaro och upplevelser som k\u00e4nns p\u00e5 riktigt. Det handlar inte l\u00e4ngre om hur [&hellip;]<\/p>\n","protected":false},"author":2,"featured_media":13744,"comment_status":"closed","ping_status":"open","sticky":false,"template":"","format":"standard","meta":{"_et_pb_use_builder":"on","_et_pb_old_content":"Att f\u00f6rv\u00e4nta sig det ov\u00e4ntade. Vid planering av ett evenemang kan \u00e4ven de b\u00e4sta planerna st\u00f6ras av of\u00f6rutsedda hinder. Uppt\u00e4ck hur vi hanterar ov\u00e4ntade utmaningar och l\u00e4s v\u00e5ra experttips f\u00f6r att hantera risker och kunna <strong>planera din konferens eller ditt br\u00f6llop med st\u00f6rsta f\u00f6rtroende!<\/strong>\r\n<h2>V\u00e4derproblem<\/h2>\r\nModer natur kan vara of\u00f6ruts\u00e4gbar och bjuda p\u00e5 regn, vindbyar eller br\u00e4nnande hetta. Dessa pl\u00f6tsliga v\u00e4deromslag kan st\u00f6ra ett utomhusarrangemang eller \u00e4ventyra g\u00e4sternas s\u00e4kerhet och komfort. En solig eftermiddag kan snabbt f\u00f6rvandlas till ett skyfall och starka vindar kan f\u00e5 dekorationen att flyga.\r\n\r\nDet \u00e4r d\u00e4rf\u00f6r <strong>vi alltid har en plan B p\u00e5 plats!<\/strong> F\u00f6r MICE-evenemang eller br\u00f6llop utomhus hyr vi stadiga t\u00e4lt eller ordnar en reservlokal inomhus, samt ser till att g\u00e4sterna har det bekv\u00e4mt med paraplyer eller dryckesstationer n\u00e4r det beh\u00f6vs. Vi h\u00e5ller ett vakande \u00f6ga p\u00e5 v\u00e4derprognoserna, men \u00e4nnu viktigare \u00e4r att vi \u00e4r proaktiva och anpassningsbara, s\u00e5 att ingen storm tar oss p\u00e5 s\u00e4ngen.\r\n\r\n<img class=\"alignnone wp-image-13566\" src=\"https:\/\/www.lapalomaevent.com\/wp-content\/uploads\/2025\/02\/Plan-B-Event-Planning-2-300x169.jpg\" alt=\"Plan B Event Planning\" width=\"320\" height=\"180\" \/>\r\n<h2>Flygf\u00f6rseningar<\/h2>\r\nFlygf\u00f6rseningar och inst\u00e4llda flyg \u00e4r en av de st\u00f6rsta utmaningarna vid planering av f\u00f6retagsevenemang. Som eventplanerare specialiserade p\u00e5 MICE vet vi att resest\u00f6rningar kan kasta omkull ett noggrant planerat schema. Vi har sett viktiga talare fastna i ov\u00e4ntade mellanlandningar, VIP-g\u00e4ster som missar sina anslutningar och sista minuten-avbokningar som tvingar oss att \u00e4ndra planer.\r\n\r\nS\u00e5 hur hanterar vi det? F\u00f6r det f\u00f6rsta l\u00e4gger<strong> vi in bufferttid i planerna f\u00f6r att ta h\u00e4nsyn till eventuella f\u00f6rseningar.<\/strong> Vi har ocks\u00e5 en n\u00e4ra kommunikation med v\u00e5ra partners f\u00f6r att h\u00e5lla oss och dem uppdaterade om eventuella \u00e4ndringar. F\u00f6r f\u00f6retagsresor, d\u00e4r timing \u00e4r viktigt, ser vi till att det finns ett standby-team som \u00e4r redo att hoppa in vid behov.\r\n\r\n<img class=\"alignnone wp-image-13568\" src=\"https:\/\/www.lapalomaevent.com\/wp-content\/uploads\/2025\/02\/Contingency-Plan-1-300x194.jpeg\" alt=\"Contingency Events\" width=\"323\" height=\"209\" \/>\r\n<h2>Avbokningar fr\u00e5n leverant\u00f6rer<\/h2>\r\nB\u00e5de vid planering av f\u00f6retagsevent och br\u00f6llop kan en avbokning fr\u00e5n en leverant\u00f6r i sista minuten k\u00e4nnas som en mardr\u00f6m. Oavsett om det \u00e4r en restaurang, DJ, florist eller fotograf som backar ut, kan dessa st\u00f6rningar ha stor inverkan p\u00e5 upplevelsen. N\u00e4r du planerar ett f\u00f6retagsevent kan dessa problem st\u00f6ra fl\u00f6det av en konferens eller galamiddag. F\u00f6r ett br\u00f6llop kan det l\u00e4gga till on\u00f6dig stress till en redan k\u00e4nslom\u00e4ssig dag.\r\n\r\nDet \u00e4r d\u00e4rf\u00f6r vi alltid har en beredskapsplan redo att anv\u00e4ndas!<strong> Vi odlar ett starkt n\u00e4tverk av p\u00e5litliga leverant\u00f6rer inom branschen,<\/strong> som kan hoppa in med kort varsel och d\u00e4rmed s\u00e4kerst\u00e4lla att kvaliteten och g\u00e4stupplevelsen aldrig \u00e4ventyras. Tydlig kommunikation \u00e4r A och O - vi \u00e4r tydliga med v\u00e5ra och era f\u00f6rv\u00e4ntningar p\u00e5 f\u00f6rhand och har avtal som detaljerar avbokningsregler.\r\n<h2><img class=\"alignnone wp-image-13570\" src=\"https:\/\/www.lapalomaevent.com\/wp-content\/uploads\/2025\/02\/Supplier-Event-1-300x200.jpg\" alt=\"Supplier Event Planning\" width=\"320\" height=\"213\" \/><\/h2>\r\nF\u00f6r framg\u00e5ngsrika f\u00f6retagsevent och br\u00f6llop kr\u00e4vs mer \u00e4n bara noggrann planering - det kr\u00e4vs anpassningsf\u00f6rm\u00e5ga, snabbt t\u00e4nkande och en bra reservstrategi. V\u00e5rt jobb handlar inte bara om planering, <strong>det handlar om probleml\u00f6sning.<\/strong> Genom att hantera \u00e4ndringar i sista minuten med sj\u00e4lvf\u00f6rtroende och kreativitet garanterar vi att varje evenemang vi organiserar l\u00f6per smidigt, oavsett vilka \u00f6verraskningar som dyker upp. P\u00e5 La Paloma Event \u00e4r vi alltid redo att s\u00e4kerst\u00e4lla att allt g\u00e5r smidigt och att v\u00e5ra kunder och deras g\u00e4ster f\u00e5r en of\u00f6rgl\u00f6mlig upplevelse.\r\n\r\n\u00a0","_et_gb_content_width":"","om_disable_all_campaigns":false,"_monsterinsights_skip_tracking":false,"_monsterinsights_sitenote_active":false,"_monsterinsights_sitenote_note":"","_monsterinsights_sitenote_category":0,"footnotes":""},"categories":[1],"tags":[],"class_list":["post-13763","post","type-post","status-publish","format-standard","has-post-thumbnail","hentry","category-uncategorized"],"yoast_head":"<!-- This site is optimized with the Yoast SEO plugin v27.4 - https:\/\/yoast.com\/product\/yoast-seo-wordpress\/ -->\n<title>Mindre event, st\u00f6rre intryck: varf\u00f6r det lilla formatet g\u00f6r skillnad<\/title>\n<meta name=\"description\" content=\"P\u00e5 senare tid har vi m\u00e4rkt n\u00e5got intressant h\u00e4r p\u00e5 La Paloma Event:Allt fler av v\u00e5ra kunder v\u00e4ljer bort de stora, storslagna produktionerna \u2013 och s\u00f6ker sig i st\u00e4llet till n\u00e5got mer intimt.\" \/>\n<meta name=\"robots\" content=\"index, follow, max-snippet:-1, max-image-preview:large, max-video-preview:-1\" \/>\n<link rel=\"canonical\" href=\"https:\/\/www.lapalomaevent.com\/sv\/att-bemastra-oforutsedda-handelser-i-eventplanering-3\/\" \/>\n<meta property=\"og:locale\" content=\"sv_SE\" \/>\n<meta property=\"og:type\" content=\"article\" \/>\n<meta property=\"og:title\" content=\"Mindre event, st\u00f6rre intryck: varf\u00f6r det lilla formatet g\u00f6r skillnad\" \/>\n<meta property=\"og:description\" content=\"P\u00e5 senare tid har vi m\u00e4rkt n\u00e5got intressant h\u00e4r p\u00e5 La Paloma Event:Allt fler av v\u00e5ra kunder v\u00e4ljer bort de stora, storslagna produktionerna \u2013 och s\u00f6ker sig i st\u00e4llet till n\u00e5got mer intimt.\" \/>\n<meta property=\"og:url\" content=\"https:\/\/www.lapalomaevent.com\/sv\/att-bemastra-oforutsedda-handelser-i-eventplanering-3\/\" \/>\n<meta property=\"og:site_name\" content=\"La Paloma Event\" \/>\n<meta property=\"article:published_time\" content=\"2025-07-17T13:15:19+00:00\" \/>\n<meta property=\"article:modified_time\" content=\"2025-07-21T14:47:37+00:00\" \/>\n<meta property=\"og:image\" content=\"https:\/\/www.lapalomaevent.com\/wp-content\/uploads\/2025\/07\/Connections.jpeg\" \/>\n\t<meta property=\"og:image:width\" content=\"1024\" \/>\n\t<meta property=\"og:image:height\" content=\"683\" \/>\n\t<meta property=\"og:image:type\" content=\"image\/jpeg\" \/>\n<meta name=\"author\" content=\"Victor Appelqvist\" \/>\n<meta name=\"twitter:card\" content=\"summary_large_image\" \/>\n<meta name=\"twitter:label1\" content=\"Skriven av\" \/>\n\t<meta name=\"twitter:data1\" content=\"Victor Appelqvist\" \/>\n\t<meta name=\"twitter:label2\" content=\"Ber\u00e4knad l\u00e4stid\" \/>\n\t<meta name=\"twitter:data2\" content=\"3 minuter\" \/>\n<script type=\"application\/ld+json\" class=\"yoast-schema-graph\">{\"@context\":\"https:\\\/\\\/schema.org\",\"@graph\":[{\"@type\":\"Article\",\"@id\":\"https:\\\/\\\/www.lapalomaevent.com\\\/sv\\\/att-bemastra-oforutsedda-handelser-i-eventplanering-3\\\/#article\",\"isPartOf\":{\"@id\":\"https:\\\/\\\/www.lapalomaevent.com\\\/sv\\\/att-bemastra-oforutsedda-handelser-i-eventplanering-3\\\/\"},\"author\":{\"name\":\"Victor Appelqvist\",\"@id\":\"https:\\\/\\\/www.lapalomaevent.com\\\/sv\\\/#\\\/schema\\\/person\\\/e4577b6b9588a73f05a552fa217a23b4\"},\"headline\":\"Mindre event, st\u00f6rre intryck: varf\u00f6r det lilla formatet g\u00f6r skillnad\",\"datePublished\":\"2025-07-17T13:15:19+00:00\",\"dateModified\":\"2025-07-21T14:47:37+00:00\",\"mainEntityOfPage\":{\"@id\":\"https:\\\/\\\/www.lapalomaevent.com\\\/sv\\\/att-bemastra-oforutsedda-handelser-i-eventplanering-3\\\/\"},\"wordCount\":783,\"image\":{\"@id\":\"https:\\\/\\\/www.lapalomaevent.com\\\/sv\\\/att-bemastra-oforutsedda-handelser-i-eventplanering-3\\\/#primaryimage\"},\"thumbnailUrl\":\"https:\\\/\\\/www.lapalomaevent.com\\\/wp-content\\\/uploads\\\/2025\\\/07\\\/Connections.jpeg\",\"articleSection\":[\"Uncategorized\"],\"inLanguage\":\"sv-SE\"},{\"@type\":\"WebPage\",\"@id\":\"https:\\\/\\\/www.lapalomaevent.com\\\/sv\\\/att-bemastra-oforutsedda-handelser-i-eventplanering-3\\\/\",\"url\":\"https:\\\/\\\/www.lapalomaevent.com\\\/sv\\\/att-bemastra-oforutsedda-handelser-i-eventplanering-3\\\/\",\"name\":\"Mindre event, st\u00f6rre intryck: varf\u00f6r det lilla formatet g\u00f6r skillnad\",\"isPartOf\":{\"@id\":\"https:\\\/\\\/www.lapalomaevent.com\\\/sv\\\/#website\"},\"primaryImageOfPage\":{\"@id\":\"https:\\\/\\\/www.lapalomaevent.com\\\/sv\\\/att-bemastra-oforutsedda-handelser-i-eventplanering-3\\\/#primaryimage\"},\"image\":{\"@id\":\"https:\\\/\\\/www.lapalomaevent.com\\\/sv\\\/att-bemastra-oforutsedda-handelser-i-eventplanering-3\\\/#primaryimage\"},\"thumbnailUrl\":\"https:\\\/\\\/www.lapalomaevent.com\\\/wp-content\\\/uploads\\\/2025\\\/07\\\/Connections.jpeg\",\"datePublished\":\"2025-07-17T13:15:19+00:00\",\"dateModified\":\"2025-07-21T14:47:37+00:00\",\"author\":{\"@id\":\"https:\\\/\\\/www.lapalomaevent.com\\\/sv\\\/#\\\/schema\\\/person\\\/e4577b6b9588a73f05a552fa217a23b4\"},\"description\":\"P\u00e5 senare tid har vi m\u00e4rkt n\u00e5got intressant h\u00e4r p\u00e5 La Paloma Event:Allt fler av v\u00e5ra kunder v\u00e4ljer bort de stora, storslagna produktionerna \u2013 och s\u00f6ker sig i st\u00e4llet till n\u00e5got mer intimt.\",\"breadcrumb\":{\"@id\":\"https:\\\/\\\/www.lapalomaevent.com\\\/sv\\\/att-bemastra-oforutsedda-handelser-i-eventplanering-3\\\/#breadcrumb\"},\"inLanguage\":\"sv-SE\",\"potentialAction\":[{\"@type\":\"ReadAction\",\"target\":[\"https:\\\/\\\/www.lapalomaevent.com\\\/sv\\\/att-bemastra-oforutsedda-handelser-i-eventplanering-3\\\/\"]}]},{\"@type\":\"ImageObject\",\"inLanguage\":\"sv-SE\",\"@id\":\"https:\\\/\\\/www.lapalomaevent.com\\\/sv\\\/att-bemastra-oforutsedda-handelser-i-eventplanering-3\\\/#primaryimage\",\"url\":\"https:\\\/\\\/www.lapalomaevent.com\\\/wp-content\\\/uploads\\\/2025\\\/07\\\/Connections.jpeg\",\"contentUrl\":\"https:\\\/\\\/www.lapalomaevent.com\\\/wp-content\\\/uploads\\\/2025\\\/07\\\/Connections.jpeg\",\"width\":1024,\"height\":683,\"caption\":\"Small Events Mallorca\"},{\"@type\":\"BreadcrumbList\",\"@id\":\"https:\\\/\\\/www.lapalomaevent.com\\\/sv\\\/att-bemastra-oforutsedda-handelser-i-eventplanering-3\\\/#breadcrumb\",\"itemListElement\":[{\"@type\":\"ListItem\",\"position\":1,\"name\":\"Hem\",\"item\":\"https:\\\/\\\/www.lapalomaevent.com\\\/sv\\\/\"},{\"@type\":\"ListItem\",\"position\":2,\"name\":\"Mindre event, st\u00f6rre intryck: varf\u00f6r det lilla formatet g\u00f6r skillnad\"}]},{\"@type\":\"WebSite\",\"@id\":\"https:\\\/\\\/www.lapalomaevent.com\\\/sv\\\/#website\",\"url\":\"https:\\\/\\\/www.lapalomaevent.com\\\/sv\\\/\",\"name\":\"La Paloma Event\",\"description\":\"We believe that you are unique!\",\"potentialAction\":[{\"@type\":\"SearchAction\",\"target\":{\"@type\":\"EntryPoint\",\"urlTemplate\":\"https:\\\/\\\/www.lapalomaevent.com\\\/sv\\\/?s={search_term_string}\"},\"query-input\":{\"@type\":\"PropertyValueSpecification\",\"valueRequired\":true,\"valueName\":\"search_term_string\"}}],\"inLanguage\":\"sv-SE\"},{\"@type\":\"Person\",\"@id\":\"https:\\\/\\\/www.lapalomaevent.com\\\/sv\\\/#\\\/schema\\\/person\\\/e4577b6b9588a73f05a552fa217a23b4\",\"name\":\"Victor Appelqvist\",\"image\":{\"@type\":\"ImageObject\",\"inLanguage\":\"sv-SE\",\"@id\":\"https:\\\/\\\/secure.gravatar.com\\\/avatar\\\/7b9ed9246cdad1ffa2e60eef534a91a3276097a635378fcd5822e642c7ce455b?s=96&d=mm&r=g\",\"url\":\"https:\\\/\\\/secure.gravatar.com\\\/avatar\\\/7b9ed9246cdad1ffa2e60eef534a91a3276097a635378fcd5822e642c7ce455b?s=96&d=mm&r=g\",\"contentUrl\":\"https:\\\/\\\/secure.gravatar.com\\\/avatar\\\/7b9ed9246cdad1ffa2e60eef534a91a3276097a635378fcd5822e642c7ce455b?s=96&d=mm&r=g\",\"caption\":\"Victor Appelqvist\"},\"url\":\"https:\\\/\\\/www.lapalomaevent.com\\\/sv\\\/author\\\/victor\\\/\"}]}<\/script>\n<!-- \/ Yoast SEO plugin. -->","yoast_head_json":{"title":"Mindre event, st\u00f6rre intryck: varf\u00f6r det lilla formatet g\u00f6r skillnad","description":"P\u00e5 senare tid har vi m\u00e4rkt n\u00e5got intressant h\u00e4r p\u00e5 La Paloma Event:Allt fler av v\u00e5ra kunder v\u00e4ljer bort de stora, storslagna produktionerna \u2013 och s\u00f6ker sig i st\u00e4llet till n\u00e5got mer intimt.","robots":{"index":"index","follow":"follow","max-snippet":"max-snippet:-1","max-image-preview":"max-image-preview:large","max-video-preview":"max-video-preview:-1"},"canonical":"https:\/\/www.lapalomaevent.com\/sv\/att-bemastra-oforutsedda-handelser-i-eventplanering-3\/","og_locale":"sv_SE","og_type":"article","og_title":"Mindre event, st\u00f6rre intryck: varf\u00f6r det lilla formatet g\u00f6r skillnad","og_description":"P\u00e5 senare tid har vi m\u00e4rkt n\u00e5got intressant h\u00e4r p\u00e5 La Paloma Event:Allt fler av v\u00e5ra kunder v\u00e4ljer bort de stora, storslagna produktionerna \u2013 och s\u00f6ker sig i st\u00e4llet till n\u00e5got mer intimt.","og_url":"https:\/\/www.lapalomaevent.com\/sv\/att-bemastra-oforutsedda-handelser-i-eventplanering-3\/","og_site_name":"La Paloma Event","article_published_time":"2025-07-17T13:15:19+00:00","article_modified_time":"2025-07-21T14:47:37+00:00","og_image":[{"width":1024,"height":683,"url":"https:\/\/www.lapalomaevent.com\/wp-content\/uploads\/2025\/07\/Connections.jpeg","type":"image\/jpeg"}],"author":"Victor Appelqvist","twitter_card":"summary_large_image","twitter_misc":{"Skriven av":"Victor Appelqvist","Ber\u00e4knad l\u00e4stid":"3 minuter"},"schema":{"@context":"https:\/\/schema.org","@graph":[{"@type":"Article","@id":"https:\/\/www.lapalomaevent.com\/sv\/att-bemastra-oforutsedda-handelser-i-eventplanering-3\/#article","isPartOf":{"@id":"https:\/\/www.lapalomaevent.com\/sv\/att-bemastra-oforutsedda-handelser-i-eventplanering-3\/"},"author":{"name":"Victor Appelqvist","@id":"https:\/\/www.lapalomaevent.com\/sv\/#\/schema\/person\/e4577b6b9588a73f05a552fa217a23b4"},"headline":"Mindre event, st\u00f6rre intryck: varf\u00f6r det lilla formatet g\u00f6r skillnad","datePublished":"2025-07-17T13:15:19+00:00","dateModified":"2025-07-21T14:47:37+00:00","mainEntityOfPage":{"@id":"https:\/\/www.lapalomaevent.com\/sv\/att-bemastra-oforutsedda-handelser-i-eventplanering-3\/"},"wordCount":783,"image":{"@id":"https:\/\/www.lapalomaevent.com\/sv\/att-bemastra-oforutsedda-handelser-i-eventplanering-3\/#primaryimage"},"thumbnailUrl":"https:\/\/www.lapalomaevent.com\/wp-content\/uploads\/2025\/07\/Connections.jpeg","articleSection":["Uncategorized"],"inLanguage":"sv-SE"},{"@type":"WebPage","@id":"https:\/\/www.lapalomaevent.com\/sv\/att-bemastra-oforutsedda-handelser-i-eventplanering-3\/","url":"https:\/\/www.lapalomaevent.com\/sv\/att-bemastra-oforutsedda-handelser-i-eventplanering-3\/","name":"Mindre event, st\u00f6rre intryck: varf\u00f6r det lilla formatet g\u00f6r skillnad","isPartOf":{"@id":"https:\/\/www.lapalomaevent.com\/sv\/#website"},"primaryImageOfPage":{"@id":"https:\/\/www.lapalomaevent.com\/sv\/att-bemastra-oforutsedda-handelser-i-eventplanering-3\/#primaryimage"},"image":{"@id":"https:\/\/www.lapalomaevent.com\/sv\/att-bemastra-oforutsedda-handelser-i-eventplanering-3\/#primaryimage"},"thumbnailUrl":"https:\/\/www.lapalomaevent.com\/wp-content\/uploads\/2025\/07\/Connections.jpeg","datePublished":"2025-07-17T13:15:19+00:00","dateModified":"2025-07-21T14:47:37+00:00","author":{"@id":"https:\/\/www.lapalomaevent.com\/sv\/#\/schema\/person\/e4577b6b9588a73f05a552fa217a23b4"},"description":"P\u00e5 senare tid har vi m\u00e4rkt n\u00e5got intressant h\u00e4r p\u00e5 La Paloma Event:Allt fler av v\u00e5ra kunder v\u00e4ljer bort de stora, storslagna produktionerna \u2013 och s\u00f6ker sig i st\u00e4llet till n\u00e5got mer intimt.","breadcrumb":{"@id":"https:\/\/www.lapalomaevent.com\/sv\/att-bemastra-oforutsedda-handelser-i-eventplanering-3\/#breadcrumb"},"inLanguage":"sv-SE","potentialAction":[{"@type":"ReadAction","target":["https:\/\/www.lapalomaevent.com\/sv\/att-bemastra-oforutsedda-handelser-i-eventplanering-3\/"]}]},{"@type":"ImageObject","inLanguage":"sv-SE","@id":"https:\/\/www.lapalomaevent.com\/sv\/att-bemastra-oforutsedda-handelser-i-eventplanering-3\/#primaryimage","url":"https:\/\/www.lapalomaevent.com\/wp-content\/uploads\/2025\/07\/Connections.jpeg","contentUrl":"https:\/\/www.lapalomaevent.com\/wp-content\/uploads\/2025\/07\/Connections.jpeg","width":1024,"height":683,"caption":"Small Events Mallorca"},{"@type":"BreadcrumbList","@id":"https:\/\/www.lapalomaevent.com\/sv\/att-bemastra-oforutsedda-handelser-i-eventplanering-3\/#breadcrumb","itemListElement":[{"@type":"ListItem","position":1,"name":"Hem","item":"https:\/\/www.lapalomaevent.com\/sv\/"},{"@type":"ListItem","position":2,"name":"Mindre event, st\u00f6rre intryck: varf\u00f6r det lilla formatet g\u00f6r skillnad"}]},{"@type":"WebSite","@id":"https:\/\/www.lapalomaevent.com\/sv\/#website","url":"https:\/\/www.lapalomaevent.com\/sv\/","name":"La Paloma Event","description":"We believe that you are unique!","potentialAction":[{"@type":"SearchAction","target":{"@type":"EntryPoint","urlTemplate":"https:\/\/www.lapalomaevent.com\/sv\/?s={search_term_string}"},"query-input":{"@type":"PropertyValueSpecification","valueRequired":true,"valueName":"search_term_string"}}],"inLanguage":"sv-SE"},{"@type":"Person","@id":"https:\/\/www.lapalomaevent.com\/sv\/#\/schema\/person\/e4577b6b9588a73f05a552fa217a23b4","name":"Victor Appelqvist","image":{"@type":"ImageObject","inLanguage":"sv-SE","@id":"https:\/\/secure.gravatar.com\/avatar\/7b9ed9246cdad1ffa2e60eef534a91a3276097a635378fcd5822e642c7ce455b?s=96&d=mm&r=g","url":"https:\/\/secure.gravatar.com\/avatar\/7b9ed9246cdad1ffa2e60eef534a91a3276097a635378fcd5822e642c7ce455b?s=96&d=mm&r=g","contentUrl":"https:\/\/secure.gravatar.com\/avatar\/7b9ed9246cdad1ffa2e60eef534a91a3276097a635378fcd5822e642c7ce455b?s=96&d=mm&r=g","caption":"Victor Appelqvist"},"url":"https:\/\/www.lapalomaevent.com\/sv\/author\/victor\/"}]}},"_links":{"self":[{"href":"https:\/\/www.lapalomaevent.com\/sv\/wp-json\/wp\/v2\/posts\/13763","targetHints":{"allow":["GET"]}}],"collection":[{"href":"https:\/\/www.lapalomaevent.com\/sv\/wp-json\/wp\/v2\/posts"}],"about":[{"href":"https:\/\/www.lapalomaevent.com\/sv\/wp-json\/wp\/v2\/types\/post"}],"author":[{"embeddable":true,"href":"https:\/\/www.lapalomaevent.com\/sv\/wp-json\/wp\/v2\/users\/2"}],"replies":[{"embeddable":true,"href":"https:\/\/www.lapalomaevent.com\/sv\/wp-json\/wp\/v2\/comments?post=13763"}],"version-history":[{"count":15,"href":"https:\/\/www.lapalomaevent.com\/sv\/wp-json\/wp\/v2\/posts\/13763\/revisions"}],"predecessor-version":[{"id":13848,"href":"https:\/\/www.lapalomaevent.com\/sv\/wp-json\/wp\/v2\/posts\/13763\/revisions\/13848"}],"wp:featuredmedia":[{"embeddable":true,"href":"https:\/\/www.lapalomaevent.com\/sv\/wp-json\/wp\/v2\/media\/13744"}],"wp:attachment":[{"href":"https:\/\/www.lapalomaevent.com\/sv\/wp-json\/wp\/v2\/media?parent=13763"}],"wp:term":[{"taxonomy":"category","embeddable":true,"href":"https:\/\/www.lapalomaevent.com\/sv\/wp-json\/wp\/v2\/categories?post=13763"},{"taxonomy":"post_tag","embeddable":true,"href":"https:\/\/www.lapalomaevent.com\/sv\/wp-json\/wp\/v2\/tags?post=13763"}],"curies":[{"name":"wp","href":"https:\/\/api.w.org\/{rel}","templated":true}]}}