{"id":14143,"date":"2026-01-19T14:11:24","date_gmt":"2026-01-19T13:11:24","guid":{"rendered":"https:\/\/www.lapalomaevent.com\/?p=14143"},"modified":"2026-01-19T14:24:48","modified_gmt":"2026-01-19T13:24:48","slug":"eran-goteborgsregn-till-soliga-event-min-praktik-pa-la-paloma-event","status":"publish","type":"post","link":"https:\/\/www.lapalomaevent.com\/sv\/eran-goteborgsregn-till-soliga-event-min-praktik-pa-la-paloma-event\/","title":{"rendered":"Fr\u00e5n G\u00f6teborgsregn till Soliga Event \u2013 Min Praktik p\u00e5 La Paloma Event!"},"content":{"rendered":"<p>[et_pb_section fb_built=&#8221;1&#8243; admin_label=&#8221;section&#8221; _builder_version=&#8221;4.16&#8243; global_colors_info=&#8221;{}&#8221;][et_pb_row admin_label=&#8221;row&#8221; _builder_version=&#8221;4.24.2&#8243; background_size=&#8221;initial&#8221; background_position=&#8221;top_left&#8221; background_repeat=&#8221;repeat&#8221; custom_padding=&#8221;1px|||||&#8221; global_colors_info=&#8221;{}&#8221;][et_pb_column type=&#8221;4_4&#8243; _builder_version=&#8221;4.16&#8243; custom_padding=&#8221;|||&#8221; global_colors_info=&#8221;{}&#8221; custom_padding__hover=&#8221;|||&#8221;][et_pb_text admin_label=&#8221;Text&#8221; _builder_version=&#8221;4.16&#8243; background_size=&#8221;initial&#8221; background_position=&#8221;top_left&#8221; background_repeat=&#8221;repeat&#8221; global_colors_info=&#8221;{}&#8221;]<\/p>\n<p>Jag har alltid \u00e4lskat att jobba med m\u00e4nniskor och att resa vilket var anledningen till att jag b\u00f6rjade studerade Hotel Management med inriktning bes\u00f6ksn\u00e4ring. Redan fr\u00e5n start n\u00e4r jag p\u00e5b\u00f6rjade min utbildning\u00a0 visste jag att jag ville g\u00f6ra min praktik utomlands, jag visste bara inte var&#8230;<\/p>\n<p>N\u00e4r jag, lite spontant en regnig sommardag i G\u00f6teborg, sl\u00e4ngde iv\u00e4g en ans\u00f6kan till La Paloma Event v\u00e5gade jag absolut inte r\u00e4kna med att jag skulle bli antagen, men de bev jag som tur var! H\u00e4r blev jag v\u00e4lkomnad med \u00f6ppna armar och jag har under min tio veckors praktik l\u00e4rt mig otroligt mycket!<\/p>\n<p>Under min praktik har jag f\u00e5tt testa p\u00e5 en otrolig bredd av m\u00e5nga olika saker:<\/p>\n<p>[\/et_pb_text][et_pb_text admin_label=&#8221;Text&#8221; _builder_version=&#8221;4.16&#8243; background_size=&#8221;initial&#8221; background_position=&#8221;top_left&#8221; background_repeat=&#8221;repeat&#8221; global_colors_info=&#8221;{}&#8221;]<\/p>\n<p><strong>Upplevelsebaserat<\/strong><\/p>\n<p>Att organisera, koordinera, och skugga alltifr\u00e5n guidade vandringsturer och vinprovningar till stora br\u00f6llop och f\u00f6retagsevent.<\/p>\n<p>[\/et_pb_text][et_pb_image src=&#8221;https:\/\/www.lapalomaevent.com\/wp-content\/uploads\/2026\/01\/Imagen2-1.jpg&#8221; alt=&#8221;Event Planner Mallorca&#8221; title_text=&#8221;Event Internship Mallorca&#8221; align=&#8221;center&#8221; _builder_version=&#8221;4.24.2&#8243; _module_preset=&#8221;default&#8221; width=&#8221;33%&#8221; hover_enabled=&#8221;0&#8243; global_colors_info=&#8221;{}&#8221; sticky_enabled=&#8221;0&#8243;][\/et_pb_image][et_pb_text admin_label=&#8221;Text&#8221; _builder_version=&#8221;4.16&#8243; background_size=&#8221;initial&#8221; background_position=&#8221;top_left&#8221; background_repeat=&#8221;repeat&#8221; global_colors_info=&#8221;{}&#8221;]<\/p>\n<p><strong>Administration<\/strong><\/p>\n<p>Kontorsrelaterade saker som hur man skriver ihop en bra offert, massor om budgetering och slutkalkyler med mera.<\/p>\n<p>[\/et_pb_text][et_pb_text admin_label=&#8221;Text&#8221; _builder_version=&#8221;4.16&#8243; background_size=&#8221;initial&#8221; background_position=&#8221;top_left&#8221; background_repeat=&#8221;repeat&#8221; global_colors_info=&#8221;{}&#8221;]<\/p>\n<p>Denna mix har gett mig en gedigen helhetsbild av hur eventbranschen faktiskt ser ut, och hur viktig struktur, ett stort n\u00e4tverk och koordination \u00e4r f\u00f6r att man ska kunna lyckas med eventplanering.<\/p>\n<p>N\u00e5got som \u00e4r fascinerande mig med teamet p\u00e5 La Paloma Event \u00e4r s\u00e4ttet de arbetar p\u00e5. De l\u00e4gger ner s\u00e5 otroligt mycket tankekraft och energi p\u00e5 varenda event och varenda klient, alltid helhj\u00e4rtat. De \u00e4r b\u00e5de f\u00f6rst och sist p\u00e5 plats p\u00e5 vartenda event som de arrangerar. Vilket \u00e4r n\u00e5got som inspirerat mig under min praktik!<\/p>\n<p>&nbsp;<\/p>\n<p>Att f\u00e5 g\u00f6ra min praktik h\u00e4r har varit otroligt nyttigt, och jag reser h\u00e4rifr\u00e5n med s\u00e5 m\u00e5nga nya l\u00e4rdomar i bagaget. Jag har k\u00e4nt mig som hemma h\u00e4r och utvecklats massor med hj\u00e4lp av dessa fantastiska och inspirerande kollegor som jag kommer sakna v\u00e4ldigt v\u00e4ldigt mycket!<\/p>\n<p>\u00c4r du studerande inom turism och event, kan jag med gott samvete rekommendera dig att s\u00f6ka praktik p\u00e5 La Paloma Event!<\/p>\n<p>[\/et_pb_text][et_pb_image src=&#8221;https:\/\/www.lapalomaevent.com\/wp-content\/uploads\/2026\/01\/Imagen3-1.jpg&#8221; alt=&#8221;Event Planning Agency&#8221; title_text=&#8221;Team Event Plann&#8221; align=&#8221;center&#8221; _builder_version=&#8221;4.24.2&#8243; _module_preset=&#8221;default&#8221; width=&#8221;33%&#8221; hover_enabled=&#8221;0&#8243; global_colors_info=&#8221;{}&#8221; sticky_enabled=&#8221;0&#8243;][\/et_pb_image][\/et_pb_column][\/et_pb_row][\/et_pb_section]<\/p>\n","protected":false},"excerpt":{"rendered":"<p>Jag har alltid \u00e4lskat att jobba med m\u00e4nniskor och att resa vilket var anledningen till att jag b\u00f6rjade studerade Hotel Management med inriktning bes\u00f6ksn\u00e4ring. Redan fr\u00e5n start n\u00e4r jag p\u00e5b\u00f6rjade min utbildning\u00a0 visste jag att jag ville g\u00f6ra min praktik utomlands, jag visste bara inte var&#8230; N\u00e4r jag, lite spontant en regnig sommardag i G\u00f6teborg, [&hellip;]<\/p>\n","protected":false},"author":2,"featured_media":14141,"comment_status":"closed","ping_status":"open","sticky":false,"template":"","format":"standard","meta":{"_et_pb_use_builder":"on","_et_pb_old_content":"Expecting the unexpected. Planning an event is an intricate dance where even the best-laid plans can be disrupted by unforeseen hurdles. Discover how to manage unexpected challenges and learn expert tips to handle risks and <strong>plan your conference or wedding with confidence!<\/strong>\r\n<h2>Weather Issues<\/h2>\r\nMother nature can be unpredictable throwing rain, gusty winds, or blistering heat your way. These sudden weather shifts can disrupt outdoor events or compromise guest safety and comfort. A sunny afternoon can quickly turn into a downpour, and strong winds can send decorations flying.\r\n\r\nThat\u2019s why <strong>we always have a Plan B in place!<\/strong> For outdoor MICE events or weddings, we rent sturdy tents, secure an indoor backup venue, and ensure guests are comfortable with umbrellas or cooling stations when needed. We keep a close eye on weather forecasts, but more importantly, we stay proactive and adaptable, ensuring no storm catches us off guard.\r\n<h2><img class=\"alignnone  wp-image-13543\" src=\"https:\/\/www.lapalomaevent.com\/wp-content\/uploads\/2025\/02\/Plan-B-Event-Planning-1-300x169.jpg\" alt=\"Event Planning Solutions\" width=\"366\" height=\"206\" \/><\/h2>\r\n<h2>Flight Delays<\/h2>\r\nFlight delays and cancellations are one of the biggest challenges in corporate event planning. As event planners specialised in MICE, we know that travel disruptions can throw a carefully planned schedule into chaos. We've seen keynote speakers stuck in unexpected layovers, VIP guests missing their connections, and last-minute cancellations that force us to pivot on the spot.\r\n\r\nSo, how do we handle it? First, <strong>we build buffer time into the itinerary to account for possible\u00a0<\/strong><strong>delays.<\/strong> We also maintain close communication with our partners to keep us and them updated on any potential disruptions. For corporate events, where timing is important, we ensure there\u2019s a standby team ready to fill in if necessary.\r\n\r\n<img class=\"alignnone  wp-image-13539\" src=\"https:\/\/www.lapalomaevent.com\/wp-content\/uploads\/2025\/02\/Contingency-Plan-300x194.jpeg\" alt=\"Corporate Events\" width=\"362\" height=\"234\" \/>\r\n<h2>Vendor Cancellations<\/h2>\r\nIn both corporate event planning and wedding planning, a last-minute vendor cancellation can feel like a nightmare. Whether it\u2019s a restaurant, DJ, florist, or photographer backing out, these disruptions can have a major impact on the experience. When planning a corporate event, these issues can disrupt the flow of a conference or gala dinner, and for a wedding, they can add unnecessary stress to an already emotional day.\r\n\r\nThat\u2019s why we always have a contingency plan ready to go! We have a<strong> strong network of reliable partners and trusted professionals<\/strong> who can step in at a moment\u2019s notice, ensuring that quality and guest experience are never compromised. Clear communication is key - we set expectations upfront with all suppliers and have contracts that outline cancellation policies.\r\n\r\n<img class=\"alignnone  wp-image-13559\" src=\"https:\/\/www.lapalomaevent.com\/wp-content\/uploads\/2025\/02\/Supplier-Event-300x200.jpg\" alt=\"Supplier Event Planning\" width=\"369\" height=\"246\" \/>\r\n\r\nSuccessful corporate events and weddings require more than just careful planning\u2014they demand adaptability, quick thinking, and a solid backup strategy. Our job isn\u2019t just about planning; <strong>it\u2019s about problem-solving.<\/strong> Handling last-minute changes with confidence and creativity ensures that every event we organise runs seamlessly, no matter what surprises come our way. La Paloma Event is always prepared to keep things running smoothly, ensuring an unforgettable experience for our clients and their guests.","_et_gb_content_width":"","om_disable_all_campaigns":false,"_monsterinsights_skip_tracking":false,"_monsterinsights_sitenote_active":false,"_monsterinsights_sitenote_note":"","_monsterinsights_sitenote_category":0,"footnotes":""},"categories":[1],"tags":[],"class_list":["post-14143","post","type-post","status-publish","format-standard","has-post-thumbnail","hentry","category-uncategorized"],"yoast_head":"<!-- This site is optimized with the Yoast SEO plugin v27.4 - https:\/\/yoast.com\/product\/yoast-seo-wordpress\/ -->\n<title>Fr\u00e5n G\u00f6teborgsregn till Soliga Event \u2013 Min Praktik p\u00e5 La Paloma Event!<\/title>\n<meta name=\"description\" content=\"Fr\u00e5n G\u00f6teborg till Mallorca \u2014 en inblick bakom kulisserna i en praktik inom event management hos La Paloma Event, fylld av l\u00e4rdomar, inspiration och verklig eventerfarenhet.\" \/>\n<meta name=\"robots\" content=\"index, follow, max-snippet:-1, max-image-preview:large, max-video-preview:-1\" \/>\n<link rel=\"canonical\" href=\"https:\/\/www.lapalomaevent.com\/sv\/eran-goteborgsregn-till-soliga-event-min-praktik-pa-la-paloma-event\/\" \/>\n<meta property=\"og:locale\" content=\"sv_SE\" \/>\n<meta property=\"og:type\" content=\"article\" \/>\n<meta property=\"og:title\" content=\"Fr\u00e5n G\u00f6teborgsregn till Soliga Event \u2013 Min Praktik p\u00e5 La Paloma Event!\" \/>\n<meta property=\"og:description\" content=\"Fr\u00e5n G\u00f6teborg till Mallorca \u2014 en inblick bakom kulisserna i en praktik inom event management hos La Paloma Event, fylld av l\u00e4rdomar, inspiration och verklig eventerfarenhet.\" \/>\n<meta property=\"og:url\" content=\"https:\/\/www.lapalomaevent.com\/sv\/eran-goteborgsregn-till-soliga-event-min-praktik-pa-la-paloma-event\/\" \/>\n<meta property=\"og:site_name\" content=\"La Paloma Event\" \/>\n<meta property=\"article:published_time\" content=\"2026-01-19T13:11:24+00:00\" \/>\n<meta property=\"article:modified_time\" content=\"2026-01-19T13:24:48+00:00\" \/>\n<meta property=\"og:image\" content=\"https:\/\/www.lapalomaevent.com\/wp-content\/uploads\/2026\/01\/d5bad960-fb06-4950-a621-f6286e4fd70a-1.jpeg\" \/>\n\t<meta property=\"og:image:width\" content=\"1200\" \/>\n\t<meta property=\"og:image:height\" content=\"1051\" \/>\n\t<meta property=\"og:image:type\" content=\"image\/jpeg\" \/>\n<meta name=\"author\" content=\"Victor Appelqvist\" \/>\n<meta name=\"twitter:card\" content=\"summary_large_image\" \/>\n<meta name=\"twitter:label1\" content=\"Skriven av\" \/>\n\t<meta name=\"twitter:data1\" content=\"Victor Appelqvist\" \/>\n\t<meta name=\"twitter:label2\" content=\"Ber\u00e4knad l\u00e4stid\" \/>\n\t<meta name=\"twitter:data2\" content=\"3 minuter\" \/>\n<script type=\"application\/ld+json\" class=\"yoast-schema-graph\">{\"@context\":\"https:\\\/\\\/schema.org\",\"@graph\":[{\"@type\":\"Article\",\"@id\":\"https:\\\/\\\/www.lapalomaevent.com\\\/sv\\\/eran-goteborgsregn-till-soliga-event-min-praktik-pa-la-paloma-event\\\/#article\",\"isPartOf\":{\"@id\":\"https:\\\/\\\/www.lapalomaevent.com\\\/sv\\\/eran-goteborgsregn-till-soliga-event-min-praktik-pa-la-paloma-event\\\/\"},\"author\":{\"name\":\"Victor Appelqvist\",\"@id\":\"https:\\\/\\\/www.lapalomaevent.com\\\/sv\\\/#\\\/schema\\\/person\\\/e4577b6b9588a73f05a552fa217a23b4\"},\"headline\":\"Fr\u00e5n G\u00f6teborgsregn till Soliga Event \u2013 Min Praktik p\u00e5 La Paloma Event!\",\"datePublished\":\"2026-01-19T13:11:24+00:00\",\"dateModified\":\"2026-01-19T13:24:48+00:00\",\"mainEntityOfPage\":{\"@id\":\"https:\\\/\\\/www.lapalomaevent.com\\\/sv\\\/eran-goteborgsregn-till-soliga-event-min-praktik-pa-la-paloma-event\\\/\"},\"wordCount\":599,\"image\":{\"@id\":\"https:\\\/\\\/www.lapalomaevent.com\\\/sv\\\/eran-goteborgsregn-till-soliga-event-min-praktik-pa-la-paloma-event\\\/#primaryimage\"},\"thumbnailUrl\":\"https:\\\/\\\/www.lapalomaevent.com\\\/wp-content\\\/uploads\\\/2026\\\/01\\\/d5bad960-fb06-4950-a621-f6286e4fd70a-1.jpeg\",\"articleSection\":[\"Uncategorized\"],\"inLanguage\":\"sv-SE\"},{\"@type\":\"WebPage\",\"@id\":\"https:\\\/\\\/www.lapalomaevent.com\\\/sv\\\/eran-goteborgsregn-till-soliga-event-min-praktik-pa-la-paloma-event\\\/\",\"url\":\"https:\\\/\\\/www.lapalomaevent.com\\\/sv\\\/eran-goteborgsregn-till-soliga-event-min-praktik-pa-la-paloma-event\\\/\",\"name\":\"Fr\u00e5n G\u00f6teborgsregn till Soliga Event \u2013 Min Praktik p\u00e5 La Paloma Event!\",\"isPartOf\":{\"@id\":\"https:\\\/\\\/www.lapalomaevent.com\\\/sv\\\/#website\"},\"primaryImageOfPage\":{\"@id\":\"https:\\\/\\\/www.lapalomaevent.com\\\/sv\\\/eran-goteborgsregn-till-soliga-event-min-praktik-pa-la-paloma-event\\\/#primaryimage\"},\"image\":{\"@id\":\"https:\\\/\\\/www.lapalomaevent.com\\\/sv\\\/eran-goteborgsregn-till-soliga-event-min-praktik-pa-la-paloma-event\\\/#primaryimage\"},\"thumbnailUrl\":\"https:\\\/\\\/www.lapalomaevent.com\\\/wp-content\\\/uploads\\\/2026\\\/01\\\/d5bad960-fb06-4950-a621-f6286e4fd70a-1.jpeg\",\"datePublished\":\"2026-01-19T13:11:24+00:00\",\"dateModified\":\"2026-01-19T13:24:48+00:00\",\"author\":{\"@id\":\"https:\\\/\\\/www.lapalomaevent.com\\\/sv\\\/#\\\/schema\\\/person\\\/e4577b6b9588a73f05a552fa217a23b4\"},\"description\":\"Fr\u00e5n G\u00f6teborg till Mallorca \u2014 en inblick bakom kulisserna i en praktik inom event management hos La Paloma Event, fylld av l\u00e4rdomar, inspiration och verklig eventerfarenhet.\",\"breadcrumb\":{\"@id\":\"https:\\\/\\\/www.lapalomaevent.com\\\/sv\\\/eran-goteborgsregn-till-soliga-event-min-praktik-pa-la-paloma-event\\\/#breadcrumb\"},\"inLanguage\":\"sv-SE\",\"potentialAction\":[{\"@type\":\"ReadAction\",\"target\":[\"https:\\\/\\\/www.lapalomaevent.com\\\/sv\\\/eran-goteborgsregn-till-soliga-event-min-praktik-pa-la-paloma-event\\\/\"]}]},{\"@type\":\"ImageObject\",\"inLanguage\":\"sv-SE\",\"@id\":\"https:\\\/\\\/www.lapalomaevent.com\\\/sv\\\/eran-goteborgsregn-till-soliga-event-min-praktik-pa-la-paloma-event\\\/#primaryimage\",\"url\":\"https:\\\/\\\/www.lapalomaevent.com\\\/wp-content\\\/uploads\\\/2026\\\/01\\\/d5bad960-fb06-4950-a621-f6286e4fd70a-1.jpeg\",\"contentUrl\":\"https:\\\/\\\/www.lapalomaevent.com\\\/wp-content\\\/uploads\\\/2026\\\/01\\\/d5bad960-fb06-4950-a621-f6286e4fd70a-1.jpeg\",\"width\":1200,\"height\":1051,\"caption\":\"Intership Event Planner Mallorca\"},{\"@type\":\"BreadcrumbList\",\"@id\":\"https:\\\/\\\/www.lapalomaevent.com\\\/sv\\\/eran-goteborgsregn-till-soliga-event-min-praktik-pa-la-paloma-event\\\/#breadcrumb\",\"itemListElement\":[{\"@type\":\"ListItem\",\"position\":1,\"name\":\"Hem\",\"item\":\"https:\\\/\\\/www.lapalomaevent.com\\\/sv\\\/\"},{\"@type\":\"ListItem\",\"position\":2,\"name\":\"Fr\u00e5n G\u00f6teborgsregn till Soliga Event \u2013 Min Praktik p\u00e5 La Paloma Event!\"}]},{\"@type\":\"WebSite\",\"@id\":\"https:\\\/\\\/www.lapalomaevent.com\\\/sv\\\/#website\",\"url\":\"https:\\\/\\\/www.lapalomaevent.com\\\/sv\\\/\",\"name\":\"La Paloma Event\",\"description\":\"We believe that you are unique!\",\"potentialAction\":[{\"@type\":\"SearchAction\",\"target\":{\"@type\":\"EntryPoint\",\"urlTemplate\":\"https:\\\/\\\/www.lapalomaevent.com\\\/sv\\\/?s={search_term_string}\"},\"query-input\":{\"@type\":\"PropertyValueSpecification\",\"valueRequired\":true,\"valueName\":\"search_term_string\"}}],\"inLanguage\":\"sv-SE\"},{\"@type\":\"Person\",\"@id\":\"https:\\\/\\\/www.lapalomaevent.com\\\/sv\\\/#\\\/schema\\\/person\\\/e4577b6b9588a73f05a552fa217a23b4\",\"name\":\"Victor Appelqvist\",\"image\":{\"@type\":\"ImageObject\",\"inLanguage\":\"sv-SE\",\"@id\":\"https:\\\/\\\/secure.gravatar.com\\\/avatar\\\/7b9ed9246cdad1ffa2e60eef534a91a3276097a635378fcd5822e642c7ce455b?s=96&d=mm&r=g\",\"url\":\"https:\\\/\\\/secure.gravatar.com\\\/avatar\\\/7b9ed9246cdad1ffa2e60eef534a91a3276097a635378fcd5822e642c7ce455b?s=96&d=mm&r=g\",\"contentUrl\":\"https:\\\/\\\/secure.gravatar.com\\\/avatar\\\/7b9ed9246cdad1ffa2e60eef534a91a3276097a635378fcd5822e642c7ce455b?s=96&d=mm&r=g\",\"caption\":\"Victor Appelqvist\"},\"url\":\"https:\\\/\\\/www.lapalomaevent.com\\\/sv\\\/author\\\/victor\\\/\"}]}<\/script>\n<!-- \/ Yoast SEO plugin. -->","yoast_head_json":{"title":"Fr\u00e5n G\u00f6teborgsregn till Soliga Event \u2013 Min Praktik p\u00e5 La Paloma Event!","description":"Fr\u00e5n G\u00f6teborg till Mallorca \u2014 en inblick bakom kulisserna i en praktik inom event management hos La Paloma Event, fylld av l\u00e4rdomar, inspiration och verklig eventerfarenhet.","robots":{"index":"index","follow":"follow","max-snippet":"max-snippet:-1","max-image-preview":"max-image-preview:large","max-video-preview":"max-video-preview:-1"},"canonical":"https:\/\/www.lapalomaevent.com\/sv\/eran-goteborgsregn-till-soliga-event-min-praktik-pa-la-paloma-event\/","og_locale":"sv_SE","og_type":"article","og_title":"Fr\u00e5n G\u00f6teborgsregn till Soliga Event \u2013 Min Praktik p\u00e5 La Paloma Event!","og_description":"Fr\u00e5n G\u00f6teborg till Mallorca \u2014 en inblick bakom kulisserna i en praktik inom event management hos La Paloma Event, fylld av l\u00e4rdomar, inspiration och verklig eventerfarenhet.","og_url":"https:\/\/www.lapalomaevent.com\/sv\/eran-goteborgsregn-till-soliga-event-min-praktik-pa-la-paloma-event\/","og_site_name":"La Paloma Event","article_published_time":"2026-01-19T13:11:24+00:00","article_modified_time":"2026-01-19T13:24:48+00:00","og_image":[{"width":1200,"height":1051,"url":"https:\/\/www.lapalomaevent.com\/wp-content\/uploads\/2026\/01\/d5bad960-fb06-4950-a621-f6286e4fd70a-1.jpeg","type":"image\/jpeg"}],"author":"Victor Appelqvist","twitter_card":"summary_large_image","twitter_misc":{"Skriven av":"Victor Appelqvist","Ber\u00e4knad l\u00e4stid":"3 minuter"},"schema":{"@context":"https:\/\/schema.org","@graph":[{"@type":"Article","@id":"https:\/\/www.lapalomaevent.com\/sv\/eran-goteborgsregn-till-soliga-event-min-praktik-pa-la-paloma-event\/#article","isPartOf":{"@id":"https:\/\/www.lapalomaevent.com\/sv\/eran-goteborgsregn-till-soliga-event-min-praktik-pa-la-paloma-event\/"},"author":{"name":"Victor Appelqvist","@id":"https:\/\/www.lapalomaevent.com\/sv\/#\/schema\/person\/e4577b6b9588a73f05a552fa217a23b4"},"headline":"Fr\u00e5n G\u00f6teborgsregn till Soliga Event \u2013 Min Praktik p\u00e5 La Paloma Event!","datePublished":"2026-01-19T13:11:24+00:00","dateModified":"2026-01-19T13:24:48+00:00","mainEntityOfPage":{"@id":"https:\/\/www.lapalomaevent.com\/sv\/eran-goteborgsregn-till-soliga-event-min-praktik-pa-la-paloma-event\/"},"wordCount":599,"image":{"@id":"https:\/\/www.lapalomaevent.com\/sv\/eran-goteborgsregn-till-soliga-event-min-praktik-pa-la-paloma-event\/#primaryimage"},"thumbnailUrl":"https:\/\/www.lapalomaevent.com\/wp-content\/uploads\/2026\/01\/d5bad960-fb06-4950-a621-f6286e4fd70a-1.jpeg","articleSection":["Uncategorized"],"inLanguage":"sv-SE"},{"@type":"WebPage","@id":"https:\/\/www.lapalomaevent.com\/sv\/eran-goteborgsregn-till-soliga-event-min-praktik-pa-la-paloma-event\/","url":"https:\/\/www.lapalomaevent.com\/sv\/eran-goteborgsregn-till-soliga-event-min-praktik-pa-la-paloma-event\/","name":"Fr\u00e5n G\u00f6teborgsregn till Soliga Event \u2013 Min Praktik p\u00e5 La Paloma Event!","isPartOf":{"@id":"https:\/\/www.lapalomaevent.com\/sv\/#website"},"primaryImageOfPage":{"@id":"https:\/\/www.lapalomaevent.com\/sv\/eran-goteborgsregn-till-soliga-event-min-praktik-pa-la-paloma-event\/#primaryimage"},"image":{"@id":"https:\/\/www.lapalomaevent.com\/sv\/eran-goteborgsregn-till-soliga-event-min-praktik-pa-la-paloma-event\/#primaryimage"},"thumbnailUrl":"https:\/\/www.lapalomaevent.com\/wp-content\/uploads\/2026\/01\/d5bad960-fb06-4950-a621-f6286e4fd70a-1.jpeg","datePublished":"2026-01-19T13:11:24+00:00","dateModified":"2026-01-19T13:24:48+00:00","author":{"@id":"https:\/\/www.lapalomaevent.com\/sv\/#\/schema\/person\/e4577b6b9588a73f05a552fa217a23b4"},"description":"Fr\u00e5n G\u00f6teborg till Mallorca \u2014 en inblick bakom kulisserna i en praktik inom event management hos La Paloma Event, fylld av l\u00e4rdomar, inspiration och verklig eventerfarenhet.","breadcrumb":{"@id":"https:\/\/www.lapalomaevent.com\/sv\/eran-goteborgsregn-till-soliga-event-min-praktik-pa-la-paloma-event\/#breadcrumb"},"inLanguage":"sv-SE","potentialAction":[{"@type":"ReadAction","target":["https:\/\/www.lapalomaevent.com\/sv\/eran-goteborgsregn-till-soliga-event-min-praktik-pa-la-paloma-event\/"]}]},{"@type":"ImageObject","inLanguage":"sv-SE","@id":"https:\/\/www.lapalomaevent.com\/sv\/eran-goteborgsregn-till-soliga-event-min-praktik-pa-la-paloma-event\/#primaryimage","url":"https:\/\/www.lapalomaevent.com\/wp-content\/uploads\/2026\/01\/d5bad960-fb06-4950-a621-f6286e4fd70a-1.jpeg","contentUrl":"https:\/\/www.lapalomaevent.com\/wp-content\/uploads\/2026\/01\/d5bad960-fb06-4950-a621-f6286e4fd70a-1.jpeg","width":1200,"height":1051,"caption":"Intership Event Planner Mallorca"},{"@type":"BreadcrumbList","@id":"https:\/\/www.lapalomaevent.com\/sv\/eran-goteborgsregn-till-soliga-event-min-praktik-pa-la-paloma-event\/#breadcrumb","itemListElement":[{"@type":"ListItem","position":1,"name":"Hem","item":"https:\/\/www.lapalomaevent.com\/sv\/"},{"@type":"ListItem","position":2,"name":"Fr\u00e5n G\u00f6teborgsregn till Soliga Event \u2013 Min Praktik p\u00e5 La Paloma Event!"}]},{"@type":"WebSite","@id":"https:\/\/www.lapalomaevent.com\/sv\/#website","url":"https:\/\/www.lapalomaevent.com\/sv\/","name":"La Paloma Event","description":"We believe that you are unique!","potentialAction":[{"@type":"SearchAction","target":{"@type":"EntryPoint","urlTemplate":"https:\/\/www.lapalomaevent.com\/sv\/?s={search_term_string}"},"query-input":{"@type":"PropertyValueSpecification","valueRequired":true,"valueName":"search_term_string"}}],"inLanguage":"sv-SE"},{"@type":"Person","@id":"https:\/\/www.lapalomaevent.com\/sv\/#\/schema\/person\/e4577b6b9588a73f05a552fa217a23b4","name":"Victor Appelqvist","image":{"@type":"ImageObject","inLanguage":"sv-SE","@id":"https:\/\/secure.gravatar.com\/avatar\/7b9ed9246cdad1ffa2e60eef534a91a3276097a635378fcd5822e642c7ce455b?s=96&d=mm&r=g","url":"https:\/\/secure.gravatar.com\/avatar\/7b9ed9246cdad1ffa2e60eef534a91a3276097a635378fcd5822e642c7ce455b?s=96&d=mm&r=g","contentUrl":"https:\/\/secure.gravatar.com\/avatar\/7b9ed9246cdad1ffa2e60eef534a91a3276097a635378fcd5822e642c7ce455b?s=96&d=mm&r=g","caption":"Victor Appelqvist"},"url":"https:\/\/www.lapalomaevent.com\/sv\/author\/victor\/"}]}},"_links":{"self":[{"href":"https:\/\/www.lapalomaevent.com\/sv\/wp-json\/wp\/v2\/posts\/14143","targetHints":{"allow":["GET"]}}],"collection":[{"href":"https:\/\/www.lapalomaevent.com\/sv\/wp-json\/wp\/v2\/posts"}],"about":[{"href":"https:\/\/www.lapalomaevent.com\/sv\/wp-json\/wp\/v2\/types\/post"}],"author":[{"embeddable":true,"href":"https:\/\/www.lapalomaevent.com\/sv\/wp-json\/wp\/v2\/users\/2"}],"replies":[{"embeddable":true,"href":"https:\/\/www.lapalomaevent.com\/sv\/wp-json\/wp\/v2\/comments?post=14143"}],"version-history":[{"count":7,"href":"https:\/\/www.lapalomaevent.com\/sv\/wp-json\/wp\/v2\/posts\/14143\/revisions"}],"predecessor-version":[{"id":14154,"href":"https:\/\/www.lapalomaevent.com\/sv\/wp-json\/wp\/v2\/posts\/14143\/revisions\/14154"}],"wp:featuredmedia":[{"embeddable":true,"href":"https:\/\/www.lapalomaevent.com\/sv\/wp-json\/wp\/v2\/media\/14141"}],"wp:attachment":[{"href":"https:\/\/www.lapalomaevent.com\/sv\/wp-json\/wp\/v2\/media?parent=14143"}],"wp:term":[{"taxonomy":"category","embeddable":true,"href":"https:\/\/www.lapalomaevent.com\/sv\/wp-json\/wp\/v2\/categories?post=14143"},{"taxonomy":"post_tag","embeddable":true,"href":"https:\/\/www.lapalomaevent.com\/sv\/wp-json\/wp\/v2\/tags?post=14143"}],"curies":[{"name":"wp","href":"https:\/\/api.w.org\/{rel}","templated":true}]}}