{"id":14161,"date":"2026-03-10T15:50:53","date_gmt":"2026-03-10T14:50:53","guid":{"rendered":"https:\/\/www.lapalomaevent.com\/?p=14161"},"modified":"2026-03-16T10:49:00","modified_gmt":"2026-03-16T09:49:00","slug":"fraga-din-event-arrangor-vart-team-svarar-pa-vanliga-fragor","status":"publish","type":"post","link":"https:\/\/www.lapalomaevent.com\/sv\/fraga-din-event-arrangor-vart-team-svarar-pa-vanliga-fragor\/","title":{"rendered":"Fr\u00e5ga din event arrang\u00f6r: V\u00e5rt team svarar p\u00e5 vanliga fr\u00e5gor"},"content":{"rendered":"<p>[et_pb_section fb_built=&#8221;1&#8243; admin_label=&#8221;section&#8221; _builder_version=&#8221;4.16&#8243; global_colors_info=&#8221;{}&#8221;][et_pb_row admin_label=&#8221;row&#8221; _builder_version=&#8221;4.24.2&#8243; background_size=&#8221;initial&#8221; background_position=&#8221;top_left&#8221; background_repeat=&#8221;repeat&#8221; custom_padding=&#8221;0px|||||&#8221; global_colors_info=&#8221;{}&#8221;][et_pb_column type=&#8221;4_4&#8243; _builder_version=&#8221;4.16&#8243; custom_padding=&#8221;|||&#8221; global_colors_info=&#8221;{}&#8221; custom_padding__hover=&#8221;|||&#8221;][et_pb_text admin_label=&#8221;Text&#8221; _builder_version=&#8221;4.16&#8243; background_size=&#8221;initial&#8221; background_position=&#8221;top_left&#8221; background_repeat=&#8221;repeat&#8221; global_colors_info=&#8221;{}&#8221;][\/et_pb_text][et_pb_text admin_label=&#8221;Text&#8221; _builder_version=&#8221;4.16&#8243; background_size=&#8221;initial&#8221; background_position=&#8221;top_left&#8221; background_repeat=&#8221;repeat&#8221; global_colors_info=&#8221;{}&#8221;]<\/p>\n<h2><strong>Fr\u00e5ga:<\/strong>\u00a0Hur l\u00e5ngt i f\u00f6rv\u00e4g b\u00f6r vi b\u00f6rja planera?<\/h2>\n<h3><strong>Svar:<\/strong>\u00a0Ju tidigare, desto b\u00e4ttre. F\u00f6r br\u00f6llop eller stora evenemang fungerar 10\u201312 m\u00e5nader v\u00e4l; f\u00f6r f\u00f6retagsevenemang r\u00e4cker vanligtvis 6\u20138 m\u00e5nader. Vi har lyckats arrangera fantastiska evenemang p\u00e5 kortare tid, med snabba beslut och f\u00f6rtroende hos leverant\u00f6rer. P\u00e5 Mallorca har evenemangsbranschen vuxit enormt, och festlokalerna \u00e4r mycket eftertraktade, s\u00e4rskilt under h\u00f6gs\u00e4song. Ju tidigare vi startar, och ju tydligare du vet vilken typ av event du \u00f6nskar, desto snabbare kan vi b\u00f6rja leta tillg\u00e4ngliga venues och boka in ditt \u00f6nskade datum.<\/h3>\n<p>[\/et_pb_text][et_pb_image src=&#8221;https:\/\/www.lapalomaevent.com\/wp-content\/uploads\/2026\/03\/Imagen1.jpg&#8221; alt=&#8221;Wedding Planner&#8221; title_text=&#8221;Imagen1&#8243; align=&#8221;center&#8221; _builder_version=&#8221;4.24.2&#8243; _module_preset=&#8221;default&#8221; width=&#8221;33%&#8221; global_colors_info=&#8221;{}&#8221;][\/et_pb_image][et_pb_text admin_label=&#8221;Text&#8221; _builder_version=&#8221;4.16&#8243; background_size=&#8221;initial&#8221; background_position=&#8221;top_left&#8221; background_repeat=&#8221;repeat&#8221; global_colors_info=&#8221;{}&#8221;]<\/p>\n<h2><strong>Fr\u00e5ga:<\/strong>\u00a0Vad exakt hanterar ert team?<\/h2>\n<h3><strong>Svar:<\/strong>\u00a0Fr\u00e5n den f\u00f6rsta id\u00e9n till slutst\u00e4dning sk\u00f6ter vi logistik, kreativa l\u00f6sningar, bokning av venue, leverant\u00f6rskoordinering, tidsplanering, g\u00e4stupplevelse och produktion p\u00e5 sj\u00e4lva dagen. Vi anpassar v\u00e5rt arbete efter era behov. Vissa kunder vill att vi \u00e4r helt involverade i varje detalj, andra f\u00f6redrar ett mer samarbetsinriktat tillv\u00e4gag\u00e5ngss\u00e4tt, d\u00e4r de sj\u00e4lva har hand om vissa detaljer. Oavsett vilket, s\u00e5 \u00e4r vi tillg\u00e4ngliga under hela processen, vi \u00e4r n\u00e4rvarande men aldrig i v\u00e4gen. Som vi brukar s\u00e4ga: vi \u00e4r fullt n\u00e4rvarande, utan att ta f\u00f6r mycket plats.<\/h3>\n<p>[\/et_pb_text][et_pb_image src=&#8221;https:\/\/www.lapalomaevent.com\/wp-content\/uploads\/2026\/03\/Imagen2.jpg&#8221; alt=&#8221;Teamwork Wedding&#8221; title_text=&#8221;Imagen2&#8243; align=&#8221;center&#8221; _builder_version=&#8221;4.24.2&#8243; _module_preset=&#8221;default&#8221; width=&#8221;33%&#8221; global_colors_info=&#8221;{}&#8221;][\/et_pb_image][et_pb_text admin_label=&#8221;Text&#8221; _builder_version=&#8221;4.16&#8243; background_size=&#8221;initial&#8221; background_position=&#8221;top_left&#8221; background_repeat=&#8221;repeat&#8221; global_colors_info=&#8221;{}&#8221;]<\/p>\n<h2><strong>Fr\u00e5ga:<\/strong>\u00a0Kan vi arbeta inom en specifik budget?<\/h2>\n<h3><strong>Svar:<\/strong>\u00a0Absolut. Vi b\u00f6rjar med att f\u00f6rst\u00e5 vad som betyder mest f\u00f6r er och fokuserar budgeten d\u00e4r. Om blommor till exempel inte \u00e4r en prioritet, spenderar vi inte d\u00e4r. Ist\u00e4llet fokuserar vi p\u00e5 de delar som verkligen betyder n\u00e5got f\u00f6r er och bygger upp upplevelsen kring det. Vi \u00e4r vana vid att arbeta med alla typer av budgetar och under hela processen h\u00e5ller vi dig uppdaterad om hur saker och ting ligger till, varnar om n\u00e5got riskerar att \u00f6verskrida budgeten och f\u00f6resl\u00e5r f\u00f6renklingar om det beh\u00f6vs.<\/h3>\n<p>[\/et_pb_text][et_pb_image src=&#8221;https:\/\/www.lapalomaevent.com\/wp-content\/uploads\/2026\/03\/Imagen3.jpg&#8221; alt=&#8221;Event Deco Coordination&#8221; title_text=&#8221;Imagen3&#8243; align=&#8221;center&#8221; _builder_version=&#8221;4.24.2&#8243; _module_preset=&#8221;default&#8221; width=&#8221;33%&#8221; global_colors_info=&#8221;{}&#8221;][\/et_pb_image][et_pb_text admin_label=&#8221;Text&#8221; _builder_version=&#8221;4.16&#8243; background_size=&#8221;initial&#8221; background_position=&#8221;top_left&#8221; background_repeat=&#8221;repeat&#8221; global_colors_info=&#8221;{}&#8221;]<\/p>\n<h2><strong>Fr\u00e5ga:<\/strong>\u00a0Har ni favoritlokaler och leverant\u00f6rer ni f\u00f6redrar?<\/h2>\n<h3><strong>Svar:<\/strong>\u00a0Ja, och de \u00e4r fantastiska. Under \u00e5ren har vi byggt starka relationer med p\u00e5litliga partners p\u00e5 Mallorca och utomlands. Det betyder smidigare koordinering, h\u00f6g service och i m\u00e5nga fall f\u00f6rm\u00e5nliga priser som vi kan vidarebefordra till dig. Men om du vill anlita n\u00e5gon ny eller utforska andra alternativ \u00e4r vi \u00f6ppna och \u00e4rliga om vad som fungerar b\u00e4st.<\/h3>\n<p>[\/et_pb_text][et_pb_image src=&#8221;https:\/\/www.lapalomaevent.com\/wp-content\/uploads\/2026\/03\/Imagen4.jpg&#8221; alt=&#8221;Wedding Dinner&#8221; title_text=&#8221;Imagen4&#8243; align=&#8221;center&#8221; _builder_version=&#8221;4.24.2&#8243; _module_preset=&#8221;default&#8221; width=&#8221;33%&#8221; global_colors_info=&#8221;{}&#8221;][\/et_pb_image][et_pb_text admin_label=&#8221;Text&#8221; _builder_version=&#8221;4.16&#8243; background_size=&#8221;initial&#8221; background_position=&#8221;top_left&#8221; background_repeat=&#8221;repeat&#8221; global_colors_info=&#8221;{}&#8221;]<\/p>\n<h2><strong>Fr\u00e5ga:<\/strong>\u00a0Kommer n\u00e5gon fr\u00e5n ert team vara p\u00e5 plats under evenemanget?<\/h2>\n<h3><strong>Svar:<\/strong> Alltid. Vi \u00e4r d\u00e4r fr\u00e5n uppbyggnad till nedmontering och tar hand om allt s\u00e5 att ni kan njuta av dagen utan stress. Vi stannar tills er sista g\u00e4st har g\u00e5tt hem \u2014 oavsett tid \u2014 och visar v\u00e5rt fulla engagemang och flexibilitet. Det som skiljer oss fr\u00e5n andra leverant\u00f6rer \u00e4r just att vi stannar tills slutet, vi g\u00e5r inte n\u00e4r t\u00e5rtan sk\u00e4rs eller musiken b\u00f6rjar.<\/h3>\n<p>[\/et_pb_text][et_pb_image src=&#8221;https:\/\/www.lapalomaevent.com\/wp-content\/uploads\/2026\/03\/Imagen5.jpg&#8221; alt=&#8221;Party Celebration &#8221; title_text=&#8221;Imagen5&#8243; align=&#8221;center&#8221; _builder_version=&#8221;4.24.2&#8243; _module_preset=&#8221;default&#8221; width=&#8221;33%&#8221; global_colors_info=&#8221;{}&#8221;][\/et_pb_image][et_pb_text admin_label=&#8221;Text&#8221; _builder_version=&#8221;4.16&#8243; background_size=&#8221;initial&#8221; background_position=&#8221;top_left&#8221; background_repeat=&#8221;repeat&#8221; global_colors_info=&#8221;{}&#8221;]<\/p>\n<h2><strong>Fr\u00e5ga:<\/strong>\u00a0Vad g\u00f6r La Paloma Event annorlunda?<\/h2>\n<h3>Vi \u00e4r inte de mest glamur\u00f6sa, men vi \u00e4r hands-on och f\u00e5r saker gjorda och ser till att du inte beh\u00f6ver oroa dig. Vi \u00e4r praktiska och kombinerar en kreativ vision med logistisk noggranhet och genuin omtanke. Varje event \u00e4r personligt; vi lyssnar, anpassar oss och skapar med passion, oavsett om det \u00e4r 20 eller 200 g\u00e4ster. Det som g\u00f6r oss unika \u00e4r att vi alltid g\u00e5r in helhj\u00e4rtat med b\u00e5de entusiasm och engagemang \u2014 vi \u00e4lskar det vi g\u00f6r!<\/h3>\n<p>[\/et_pb_text][et_pb_text admin_label=&#8221;Text&#8221; _builder_version=&#8221;4.16&#8243; background_size=&#8221;initial&#8221; background_position=&#8221;top_left&#8221; background_repeat=&#8221;repeat&#8221; global_colors_info=&#8221;{}&#8221;]<\/p>\n<h2><strong>Har du fler fr\u00e5gor?<\/strong><\/h2>\n<h3>Varje evenemang b\u00f6rjar med ett samtal och vi svarar g\u00e4rna p\u00e5 allt som kommer upp. Tveka inte att h\u00f6ra av dig \u2014 vi \u00e4r h\u00e4r f\u00f6r att hj\u00e4lpa!<\/h3>\n<p>[\/et_pb_text][et_pb_image src=&#8221;https:\/\/www.lapalomaevent.com\/wp-content\/uploads\/2026\/03\/Imagen6.jpg&#8221; alt=&#8221;Event Planners Mallorca&#8221; title_text=&#8221;Imagen6&#8243; align=&#8221;center&#8221; _builder_version=&#8221;4.24.2&#8243; _module_preset=&#8221;default&#8221; width=&#8221;33%&#8221; global_colors_info=&#8221;{}&#8221;][\/et_pb_image][\/et_pb_column][\/et_pb_row][\/et_pb_section]<\/p>\n","protected":false},"excerpt":{"rendered":"<p>Fr\u00e5ga:\u00a0Hur l\u00e5ngt i f\u00f6rv\u00e4g b\u00f6r vi b\u00f6rja planera? Svar:\u00a0Ju tidigare, desto b\u00e4ttre. F\u00f6r br\u00f6llop eller stora evenemang fungerar 10\u201312 m\u00e5nader v\u00e4l; f\u00f6r f\u00f6retagsevenemang r\u00e4cker vanligtvis 6\u20138 m\u00e5nader. Vi har lyckats arrangera fantastiska evenemang p\u00e5 kortare tid, med snabba beslut och f\u00f6rtroende hos leverant\u00f6rer. P\u00e5 Mallorca har evenemangsbranschen vuxit enormt, och festlokalerna \u00e4r mycket eftertraktade, s\u00e4rskilt [&hellip;]<\/p>\n","protected":false},"author":2,"featured_media":14224,"comment_status":"closed","ping_status":"open","sticky":false,"template":"","format":"standard","meta":{"_et_pb_use_builder":"on","_et_pb_old_content":"Expecting the unexpected. Planning an event is an intricate dance where even the best-laid plans can be disrupted by unforeseen hurdles. Discover how to manage unexpected challenges and learn expert tips to handle risks and <strong>plan your conference or wedding with confidence!<\/strong>\r\n<h2>Weather Issues<\/h2>\r\nMother nature can be unpredictable throwing rain, gusty winds, or blistering heat your way. These sudden weather shifts can disrupt outdoor events or compromise guest safety and comfort. A sunny afternoon can quickly turn into a downpour, and strong winds can send decorations flying.\r\n\r\nThat\u2019s why <strong>we always have a Plan B in place!<\/strong> For outdoor MICE events or weddings, we rent sturdy tents, secure an indoor backup venue, and ensure guests are comfortable with umbrellas or cooling stations when needed. We keep a close eye on weather forecasts, but more importantly, we stay proactive and adaptable, ensuring no storm catches us off guard.\r\n<h2><img class=\"alignnone  wp-image-13543\" src=\"https:\/\/www.lapalomaevent.com\/wp-content\/uploads\/2025\/02\/Plan-B-Event-Planning-1-300x169.jpg\" alt=\"Event Planning Solutions\" width=\"366\" height=\"206\" \/><\/h2>\r\n<h2>Flight Delays<\/h2>\r\nFlight delays and cancellations are one of the biggest challenges in corporate event planning. As event planners specialised in MICE, we know that travel disruptions can throw a carefully planned schedule into chaos. We've seen keynote speakers stuck in unexpected layovers, VIP guests missing their connections, and last-minute cancellations that force us to pivot on the spot.\r\n\r\nSo, how do we handle it? First, <strong>we build buffer time into the itinerary to account for possible\u00a0<\/strong><strong>delays.<\/strong> We also maintain close communication with our partners to keep us and them updated on any potential disruptions. For corporate events, where timing is important, we ensure there\u2019s a standby team ready to fill in if necessary.\r\n\r\n<img class=\"alignnone  wp-image-13539\" src=\"https:\/\/www.lapalomaevent.com\/wp-content\/uploads\/2025\/02\/Contingency-Plan-300x194.jpeg\" alt=\"Corporate Events\" width=\"362\" height=\"234\" \/>\r\n<h2>Vendor Cancellations<\/h2>\r\nIn both corporate event planning and wedding planning, a last-minute vendor cancellation can feel like a nightmare. Whether it\u2019s a restaurant, DJ, florist, or photographer backing out, these disruptions can have a major impact on the experience. When planning a corporate event, these issues can disrupt the flow of a conference or gala dinner, and for a wedding, they can add unnecessary stress to an already emotional day.\r\n\r\nThat\u2019s why we always have a contingency plan ready to go! We have a<strong> strong network of reliable partners and trusted professionals<\/strong> who can step in at a moment\u2019s notice, ensuring that quality and guest experience are never compromised. Clear communication is key - we set expectations upfront with all suppliers and have contracts that outline cancellation policies.\r\n\r\n<img class=\"alignnone  wp-image-13559\" src=\"https:\/\/www.lapalomaevent.com\/wp-content\/uploads\/2025\/02\/Supplier-Event-300x200.jpg\" alt=\"Supplier Event Planning\" width=\"369\" height=\"246\" \/>\r\n\r\nSuccessful corporate events and weddings require more than just careful planning\u2014they demand adaptability, quick thinking, and a solid backup strategy. Our job isn\u2019t just about planning; <strong>it\u2019s about problem-solving.<\/strong> Handling last-minute changes with confidence and creativity ensures that every event we organise runs seamlessly, no matter what surprises come our way. La Paloma Event is always prepared to keep things running smoothly, ensuring an unforgettable experience for our clients and their guests.","_et_gb_content_width":"","om_disable_all_campaigns":false,"_monsterinsights_skip_tracking":false,"_monsterinsights_sitenote_active":false,"_monsterinsights_sitenote_note":"","_monsterinsights_sitenote_category":0,"footnotes":""},"categories":[8],"tags":[],"class_list":["post-14161","post","type-post","status-publish","format-standard","has-post-thumbnail","hentry","category-okategoriserad"],"yoast_head":"<!-- This site is optimized with the Yoast SEO plugin v27.4 - https:\/\/yoast.com\/product\/yoast-seo-wordpress\/ -->\n<title>Fr\u00e5ga din event arrang\u00f6ren: V\u00e5rt team svarar p\u00e5 vanliga fr\u00e5gor<\/title>\n<meta name=\"description\" content=\"Nyfiken p\u00e5 br\u00f6llopsplanering? V\u00e5rt team svarar p\u00e5 de vanligaste fr\u00e5gorna fr\u00e5n v\u00e5ra kunder \u2013 fr\u00e5n tidsplaner till dekoration \u2013 s\u00e5 att du kan planera din dag med trygghet och sj\u00e4lvf\u00f6rtroende.\" \/>\n<meta name=\"robots\" content=\"index, follow, max-snippet:-1, max-image-preview:large, max-video-preview:-1\" \/>\n<link rel=\"canonical\" href=\"https:\/\/www.lapalomaevent.com\/sv\/fraga-din-event-arrangor-vart-team-svarar-pa-vanliga-fragor\/\" \/>\n<meta property=\"og:locale\" content=\"sv_SE\" \/>\n<meta property=\"og:type\" content=\"article\" \/>\n<meta property=\"og:title\" content=\"Fr\u00e5ga din event arrang\u00f6ren: V\u00e5rt team svarar p\u00e5 vanliga fr\u00e5gor\" \/>\n<meta property=\"og:description\" content=\"Nyfiken p\u00e5 br\u00f6llopsplanering? V\u00e5rt team svarar p\u00e5 de vanligaste fr\u00e5gorna fr\u00e5n v\u00e5ra kunder \u2013 fr\u00e5n tidsplaner till dekoration \u2013 s\u00e5 att du kan planera din dag med trygghet och sj\u00e4lvf\u00f6rtroende.\" \/>\n<meta property=\"og:url\" content=\"https:\/\/www.lapalomaevent.com\/sv\/fraga-din-event-arrangor-vart-team-svarar-pa-vanliga-fragor\/\" \/>\n<meta property=\"og:site_name\" content=\"La Paloma Event\" \/>\n<meta property=\"article:published_time\" content=\"2026-03-10T14:50:53+00:00\" \/>\n<meta property=\"article:modified_time\" content=\"2026-03-16T09:49:00+00:00\" \/>\n<meta property=\"og:image\" content=\"https:\/\/www.lapalomaevent.com\/wp-content\/uploads\/2026\/03\/WhatsApp-Image-2026-02-25-at-20.05.27-copia.jpeg\" \/>\n\t<meta property=\"og:image:width\" content=\"1536\" \/>\n\t<meta property=\"og:image:height\" content=\"1122\" \/>\n\t<meta property=\"og:image:type\" content=\"image\/jpeg\" \/>\n<meta name=\"author\" content=\"Victor Appelqvist\" \/>\n<meta name=\"twitter:card\" content=\"summary_large_image\" \/>\n<meta name=\"twitter:label1\" content=\"Skriven av\" \/>\n\t<meta name=\"twitter:data1\" content=\"Victor Appelqvist\" \/>\n\t<meta name=\"twitter:label2\" content=\"Ber\u00e4knad l\u00e4stid\" \/>\n\t<meta name=\"twitter:data2\" content=\"4 minuter\" \/>\n<script type=\"application\/ld+json\" class=\"yoast-schema-graph\">{\"@context\":\"https:\\\/\\\/schema.org\",\"@graph\":[{\"@type\":\"Article\",\"@id\":\"https:\\\/\\\/www.lapalomaevent.com\\\/sv\\\/fraga-din-event-arrangor-vart-team-svarar-pa-vanliga-fragor\\\/#article\",\"isPartOf\":{\"@id\":\"https:\\\/\\\/www.lapalomaevent.com\\\/sv\\\/fraga-din-event-arrangor-vart-team-svarar-pa-vanliga-fragor\\\/\"},\"author\":{\"name\":\"Victor Appelqvist\",\"@id\":\"https:\\\/\\\/www.lapalomaevent.com\\\/sv\\\/#\\\/schema\\\/person\\\/e4577b6b9588a73f05a552fa217a23b4\"},\"headline\":\"Fr\u00e5ga din event arrang\u00f6r: V\u00e5rt team svarar p\u00e5 vanliga fr\u00e5gor\",\"datePublished\":\"2026-03-10T14:50:53+00:00\",\"dateModified\":\"2026-03-16T09:49:00+00:00\",\"mainEntityOfPage\":{\"@id\":\"https:\\\/\\\/www.lapalomaevent.com\\\/sv\\\/fraga-din-event-arrangor-vart-team-svarar-pa-vanliga-fragor\\\/\"},\"wordCount\":1091,\"image\":{\"@id\":\"https:\\\/\\\/www.lapalomaevent.com\\\/sv\\\/fraga-din-event-arrangor-vart-team-svarar-pa-vanliga-fragor\\\/#primaryimage\"},\"thumbnailUrl\":\"https:\\\/\\\/www.lapalomaevent.com\\\/wp-content\\\/uploads\\\/2026\\\/03\\\/WhatsApp-Image-2026-02-25-at-20.05.27-copia.jpeg\",\"articleSection\":[\"Okategoriserad\"],\"inLanguage\":\"sv-SE\"},{\"@type\":\"WebPage\",\"@id\":\"https:\\\/\\\/www.lapalomaevent.com\\\/sv\\\/fraga-din-event-arrangor-vart-team-svarar-pa-vanliga-fragor\\\/\",\"url\":\"https:\\\/\\\/www.lapalomaevent.com\\\/sv\\\/fraga-din-event-arrangor-vart-team-svarar-pa-vanliga-fragor\\\/\",\"name\":\"Fr\u00e5ga din event arrang\u00f6ren: V\u00e5rt team svarar p\u00e5 vanliga fr\u00e5gor\",\"isPartOf\":{\"@id\":\"https:\\\/\\\/www.lapalomaevent.com\\\/sv\\\/#website\"},\"primaryImageOfPage\":{\"@id\":\"https:\\\/\\\/www.lapalomaevent.com\\\/sv\\\/fraga-din-event-arrangor-vart-team-svarar-pa-vanliga-fragor\\\/#primaryimage\"},\"image\":{\"@id\":\"https:\\\/\\\/www.lapalomaevent.com\\\/sv\\\/fraga-din-event-arrangor-vart-team-svarar-pa-vanliga-fragor\\\/#primaryimage\"},\"thumbnailUrl\":\"https:\\\/\\\/www.lapalomaevent.com\\\/wp-content\\\/uploads\\\/2026\\\/03\\\/WhatsApp-Image-2026-02-25-at-20.05.27-copia.jpeg\",\"datePublished\":\"2026-03-10T14:50:53+00:00\",\"dateModified\":\"2026-03-16T09:49:00+00:00\",\"author\":{\"@id\":\"https:\\\/\\\/www.lapalomaevent.com\\\/sv\\\/#\\\/schema\\\/person\\\/e4577b6b9588a73f05a552fa217a23b4\"},\"description\":\"Nyfiken p\u00e5 br\u00f6llopsplanering? V\u00e5rt team svarar p\u00e5 de vanligaste fr\u00e5gorna fr\u00e5n v\u00e5ra kunder \u2013 fr\u00e5n tidsplaner till dekoration \u2013 s\u00e5 att du kan planera din dag med trygghet och sj\u00e4lvf\u00f6rtroende.\",\"breadcrumb\":{\"@id\":\"https:\\\/\\\/www.lapalomaevent.com\\\/sv\\\/fraga-din-event-arrangor-vart-team-svarar-pa-vanliga-fragor\\\/#breadcrumb\"},\"inLanguage\":\"sv-SE\",\"potentialAction\":[{\"@type\":\"ReadAction\",\"target\":[\"https:\\\/\\\/www.lapalomaevent.com\\\/sv\\\/fraga-din-event-arrangor-vart-team-svarar-pa-vanliga-fragor\\\/\"]}]},{\"@type\":\"ImageObject\",\"inLanguage\":\"sv-SE\",\"@id\":\"https:\\\/\\\/www.lapalomaevent.com\\\/sv\\\/fraga-din-event-arrangor-vart-team-svarar-pa-vanliga-fragor\\\/#primaryimage\",\"url\":\"https:\\\/\\\/www.lapalomaevent.com\\\/wp-content\\\/uploads\\\/2026\\\/03\\\/WhatsApp-Image-2026-02-25-at-20.05.27-copia.jpeg\",\"contentUrl\":\"https:\\\/\\\/www.lapalomaevent.com\\\/wp-content\\\/uploads\\\/2026\\\/03\\\/WhatsApp-Image-2026-02-25-at-20.05.27-copia.jpeg\",\"width\":1536,\"height\":1122,\"caption\":\"La Paloma Event Team\"},{\"@type\":\"BreadcrumbList\",\"@id\":\"https:\\\/\\\/www.lapalomaevent.com\\\/sv\\\/fraga-din-event-arrangor-vart-team-svarar-pa-vanliga-fragor\\\/#breadcrumb\",\"itemListElement\":[{\"@type\":\"ListItem\",\"position\":1,\"name\":\"Hem\",\"item\":\"https:\\\/\\\/www.lapalomaevent.com\\\/sv\\\/\"},{\"@type\":\"ListItem\",\"position\":2,\"name\":\"Fr\u00e5ga din event arrang\u00f6r: V\u00e5rt team svarar p\u00e5 vanliga fr\u00e5gor\"}]},{\"@type\":\"WebSite\",\"@id\":\"https:\\\/\\\/www.lapalomaevent.com\\\/sv\\\/#website\",\"url\":\"https:\\\/\\\/www.lapalomaevent.com\\\/sv\\\/\",\"name\":\"La Paloma Event\",\"description\":\"We believe that you are unique!\",\"potentialAction\":[{\"@type\":\"SearchAction\",\"target\":{\"@type\":\"EntryPoint\",\"urlTemplate\":\"https:\\\/\\\/www.lapalomaevent.com\\\/sv\\\/?s={search_term_string}\"},\"query-input\":{\"@type\":\"PropertyValueSpecification\",\"valueRequired\":true,\"valueName\":\"search_term_string\"}}],\"inLanguage\":\"sv-SE\"},{\"@type\":\"Person\",\"@id\":\"https:\\\/\\\/www.lapalomaevent.com\\\/sv\\\/#\\\/schema\\\/person\\\/e4577b6b9588a73f05a552fa217a23b4\",\"name\":\"Victor Appelqvist\",\"image\":{\"@type\":\"ImageObject\",\"inLanguage\":\"sv-SE\",\"@id\":\"https:\\\/\\\/secure.gravatar.com\\\/avatar\\\/7b9ed9246cdad1ffa2e60eef534a91a3276097a635378fcd5822e642c7ce455b?s=96&d=mm&r=g\",\"url\":\"https:\\\/\\\/secure.gravatar.com\\\/avatar\\\/7b9ed9246cdad1ffa2e60eef534a91a3276097a635378fcd5822e642c7ce455b?s=96&d=mm&r=g\",\"contentUrl\":\"https:\\\/\\\/secure.gravatar.com\\\/avatar\\\/7b9ed9246cdad1ffa2e60eef534a91a3276097a635378fcd5822e642c7ce455b?s=96&d=mm&r=g\",\"caption\":\"Victor Appelqvist\"},\"url\":\"https:\\\/\\\/www.lapalomaevent.com\\\/sv\\\/author\\\/victor\\\/\"}]}<\/script>\n<!-- \/ Yoast SEO plugin. -->","yoast_head_json":{"title":"Fr\u00e5ga din event arrang\u00f6ren: V\u00e5rt team svarar p\u00e5 vanliga fr\u00e5gor","description":"Nyfiken p\u00e5 br\u00f6llopsplanering? V\u00e5rt team svarar p\u00e5 de vanligaste fr\u00e5gorna fr\u00e5n v\u00e5ra kunder \u2013 fr\u00e5n tidsplaner till dekoration \u2013 s\u00e5 att du kan planera din dag med trygghet och sj\u00e4lvf\u00f6rtroende.","robots":{"index":"index","follow":"follow","max-snippet":"max-snippet:-1","max-image-preview":"max-image-preview:large","max-video-preview":"max-video-preview:-1"},"canonical":"https:\/\/www.lapalomaevent.com\/sv\/fraga-din-event-arrangor-vart-team-svarar-pa-vanliga-fragor\/","og_locale":"sv_SE","og_type":"article","og_title":"Fr\u00e5ga din event arrang\u00f6ren: V\u00e5rt team svarar p\u00e5 vanliga fr\u00e5gor","og_description":"Nyfiken p\u00e5 br\u00f6llopsplanering? V\u00e5rt team svarar p\u00e5 de vanligaste fr\u00e5gorna fr\u00e5n v\u00e5ra kunder \u2013 fr\u00e5n tidsplaner till dekoration \u2013 s\u00e5 att du kan planera din dag med trygghet och sj\u00e4lvf\u00f6rtroende.","og_url":"https:\/\/www.lapalomaevent.com\/sv\/fraga-din-event-arrangor-vart-team-svarar-pa-vanliga-fragor\/","og_site_name":"La Paloma Event","article_published_time":"2026-03-10T14:50:53+00:00","article_modified_time":"2026-03-16T09:49:00+00:00","og_image":[{"width":1536,"height":1122,"url":"https:\/\/www.lapalomaevent.com\/wp-content\/uploads\/2026\/03\/WhatsApp-Image-2026-02-25-at-20.05.27-copia.jpeg","type":"image\/jpeg"}],"author":"Victor Appelqvist","twitter_card":"summary_large_image","twitter_misc":{"Skriven av":"Victor Appelqvist","Ber\u00e4knad l\u00e4stid":"4 minuter"},"schema":{"@context":"https:\/\/schema.org","@graph":[{"@type":"Article","@id":"https:\/\/www.lapalomaevent.com\/sv\/fraga-din-event-arrangor-vart-team-svarar-pa-vanliga-fragor\/#article","isPartOf":{"@id":"https:\/\/www.lapalomaevent.com\/sv\/fraga-din-event-arrangor-vart-team-svarar-pa-vanliga-fragor\/"},"author":{"name":"Victor Appelqvist","@id":"https:\/\/www.lapalomaevent.com\/sv\/#\/schema\/person\/e4577b6b9588a73f05a552fa217a23b4"},"headline":"Fr\u00e5ga din event arrang\u00f6r: V\u00e5rt team svarar p\u00e5 vanliga fr\u00e5gor","datePublished":"2026-03-10T14:50:53+00:00","dateModified":"2026-03-16T09:49:00+00:00","mainEntityOfPage":{"@id":"https:\/\/www.lapalomaevent.com\/sv\/fraga-din-event-arrangor-vart-team-svarar-pa-vanliga-fragor\/"},"wordCount":1091,"image":{"@id":"https:\/\/www.lapalomaevent.com\/sv\/fraga-din-event-arrangor-vart-team-svarar-pa-vanliga-fragor\/#primaryimage"},"thumbnailUrl":"https:\/\/www.lapalomaevent.com\/wp-content\/uploads\/2026\/03\/WhatsApp-Image-2026-02-25-at-20.05.27-copia.jpeg","articleSection":["Okategoriserad"],"inLanguage":"sv-SE"},{"@type":"WebPage","@id":"https:\/\/www.lapalomaevent.com\/sv\/fraga-din-event-arrangor-vart-team-svarar-pa-vanliga-fragor\/","url":"https:\/\/www.lapalomaevent.com\/sv\/fraga-din-event-arrangor-vart-team-svarar-pa-vanliga-fragor\/","name":"Fr\u00e5ga din event arrang\u00f6ren: V\u00e5rt team svarar p\u00e5 vanliga fr\u00e5gor","isPartOf":{"@id":"https:\/\/www.lapalomaevent.com\/sv\/#website"},"primaryImageOfPage":{"@id":"https:\/\/www.lapalomaevent.com\/sv\/fraga-din-event-arrangor-vart-team-svarar-pa-vanliga-fragor\/#primaryimage"},"image":{"@id":"https:\/\/www.lapalomaevent.com\/sv\/fraga-din-event-arrangor-vart-team-svarar-pa-vanliga-fragor\/#primaryimage"},"thumbnailUrl":"https:\/\/www.lapalomaevent.com\/wp-content\/uploads\/2026\/03\/WhatsApp-Image-2026-02-25-at-20.05.27-copia.jpeg","datePublished":"2026-03-10T14:50:53+00:00","dateModified":"2026-03-16T09:49:00+00:00","author":{"@id":"https:\/\/www.lapalomaevent.com\/sv\/#\/schema\/person\/e4577b6b9588a73f05a552fa217a23b4"},"description":"Nyfiken p\u00e5 br\u00f6llopsplanering? V\u00e5rt team svarar p\u00e5 de vanligaste fr\u00e5gorna fr\u00e5n v\u00e5ra kunder \u2013 fr\u00e5n tidsplaner till dekoration \u2013 s\u00e5 att du kan planera din dag med trygghet och sj\u00e4lvf\u00f6rtroende.","breadcrumb":{"@id":"https:\/\/www.lapalomaevent.com\/sv\/fraga-din-event-arrangor-vart-team-svarar-pa-vanliga-fragor\/#breadcrumb"},"inLanguage":"sv-SE","potentialAction":[{"@type":"ReadAction","target":["https:\/\/www.lapalomaevent.com\/sv\/fraga-din-event-arrangor-vart-team-svarar-pa-vanliga-fragor\/"]}]},{"@type":"ImageObject","inLanguage":"sv-SE","@id":"https:\/\/www.lapalomaevent.com\/sv\/fraga-din-event-arrangor-vart-team-svarar-pa-vanliga-fragor\/#primaryimage","url":"https:\/\/www.lapalomaevent.com\/wp-content\/uploads\/2026\/03\/WhatsApp-Image-2026-02-25-at-20.05.27-copia.jpeg","contentUrl":"https:\/\/www.lapalomaevent.com\/wp-content\/uploads\/2026\/03\/WhatsApp-Image-2026-02-25-at-20.05.27-copia.jpeg","width":1536,"height":1122,"caption":"La Paloma Event Team"},{"@type":"BreadcrumbList","@id":"https:\/\/www.lapalomaevent.com\/sv\/fraga-din-event-arrangor-vart-team-svarar-pa-vanliga-fragor\/#breadcrumb","itemListElement":[{"@type":"ListItem","position":1,"name":"Hem","item":"https:\/\/www.lapalomaevent.com\/sv\/"},{"@type":"ListItem","position":2,"name":"Fr\u00e5ga din event arrang\u00f6r: V\u00e5rt team svarar p\u00e5 vanliga fr\u00e5gor"}]},{"@type":"WebSite","@id":"https:\/\/www.lapalomaevent.com\/sv\/#website","url":"https:\/\/www.lapalomaevent.com\/sv\/","name":"La Paloma Event","description":"We believe that you are unique!","potentialAction":[{"@type":"SearchAction","target":{"@type":"EntryPoint","urlTemplate":"https:\/\/www.lapalomaevent.com\/sv\/?s={search_term_string}"},"query-input":{"@type":"PropertyValueSpecification","valueRequired":true,"valueName":"search_term_string"}}],"inLanguage":"sv-SE"},{"@type":"Person","@id":"https:\/\/www.lapalomaevent.com\/sv\/#\/schema\/person\/e4577b6b9588a73f05a552fa217a23b4","name":"Victor Appelqvist","image":{"@type":"ImageObject","inLanguage":"sv-SE","@id":"https:\/\/secure.gravatar.com\/avatar\/7b9ed9246cdad1ffa2e60eef534a91a3276097a635378fcd5822e642c7ce455b?s=96&d=mm&r=g","url":"https:\/\/secure.gravatar.com\/avatar\/7b9ed9246cdad1ffa2e60eef534a91a3276097a635378fcd5822e642c7ce455b?s=96&d=mm&r=g","contentUrl":"https:\/\/secure.gravatar.com\/avatar\/7b9ed9246cdad1ffa2e60eef534a91a3276097a635378fcd5822e642c7ce455b?s=96&d=mm&r=g","caption":"Victor Appelqvist"},"url":"https:\/\/www.lapalomaevent.com\/sv\/author\/victor\/"}]}},"_links":{"self":[{"href":"https:\/\/www.lapalomaevent.com\/sv\/wp-json\/wp\/v2\/posts\/14161","targetHints":{"allow":["GET"]}}],"collection":[{"href":"https:\/\/www.lapalomaevent.com\/sv\/wp-json\/wp\/v2\/posts"}],"about":[{"href":"https:\/\/www.lapalomaevent.com\/sv\/wp-json\/wp\/v2\/types\/post"}],"author":[{"embeddable":true,"href":"https:\/\/www.lapalomaevent.com\/sv\/wp-json\/wp\/v2\/users\/2"}],"replies":[{"embeddable":true,"href":"https:\/\/www.lapalomaevent.com\/sv\/wp-json\/wp\/v2\/comments?post=14161"}],"version-history":[{"count":14,"href":"https:\/\/www.lapalomaevent.com\/sv\/wp-json\/wp\/v2\/posts\/14161\/revisions"}],"predecessor-version":[{"id":14246,"href":"https:\/\/www.lapalomaevent.com\/sv\/wp-json\/wp\/v2\/posts\/14161\/revisions\/14246"}],"wp:featuredmedia":[{"embeddable":true,"href":"https:\/\/www.lapalomaevent.com\/sv\/wp-json\/wp\/v2\/media\/14224"}],"wp:attachment":[{"href":"https:\/\/www.lapalomaevent.com\/sv\/wp-json\/wp\/v2\/media?parent=14161"}],"wp:term":[{"taxonomy":"category","embeddable":true,"href":"https:\/\/www.lapalomaevent.com\/sv\/wp-json\/wp\/v2\/categories?post=14161"},{"taxonomy":"post_tag","embeddable":true,"href":"https:\/\/www.lapalomaevent.com\/sv\/wp-json\/wp\/v2\/tags?post=14161"}],"curies":[{"name":"wp","href":"https:\/\/api.w.org\/{rel}","templated":true}]}}